{"id":909,"date":"2010-06-05T22:00:54","date_gmt":"2010-06-05T21:00:54","guid":{"rendered":"http:\/\/fundacja.szalata.pl\/?p=909"},"modified":"2010-08-31T16:41:37","modified_gmt":"2010-08-31T15:41:37","slug":"viii-festiwal-misyjny-bog-mnie-kocha","status":"publish","type":"post","link":"https:\/\/follereau.org\/?p=909","title":{"rendered":"VIII Festiwal Misyjny B\u00f3g mnie kocha"},"content":{"rendered":"<p style=\"text-align: justify;\"><a href=\"http:\/\/fundacja.szalata.pl\/wp-content\/uploads\/2010\/06\/list-abpa-Hosera.jpg\"><br \/>\n<\/a>W niedziel\u0119 20 czerwca odb\u0119dzie si\u0119 w Zielonce k. Warszawy VIII Festiwal Misyjny &#8220;B\u00f3g mnie kocha&#8221; pod patronatem Przewodnicz\u0105cego Komisji Episkopatu Polski ds. Misji ks. bpa Wiktora Skworca oraz ordynariusza diecezji Warszawsko-Praskiej ks. abpa Henryka Hosera. W dorocznym spotkaniu misjonarzy i ich dobroczy\u0144c\u00f3w we\u017amie udzia\u0142 kilkusetosobowa grupa Misyjnego Apostolstwa Niepe\u0142nosprawnych Dzieci. W programie, jak co roku o godz. 12.00 uroczysty apel przy krzy\u017cu harcerskim i parada niepe\u0142nosprawnych dzieci na ulicach miasta. O godz. 13.00 Msza \u015bw. Misyjna, po kt\u00f3rej odb\u0119dzie si\u0119 wielki koncert misyjny na Placu Jana Paw\u0142a II. Na scenie wyst\u0105pi m. in. ks. bp Antoni D\u0142ugosz z zespo\u0142em telewizyjnego programu Ziarno oraz znany zesp\u00f3\u0142 Muzyki chrze\u015bcija\u0144skiej &#8220;Siewcy Lednicy&#8221;. Podczas koncertu zostanie wr\u0119czona przyznawana co roku za wybitne osi\u0105gni\u0119cia w upowszechnianiu najcenniejszych warto\u015bci chrze\u015bcija\u0144skich w\u015br\u00f3d dzieci i m\u0142odzie\u017cy nagroda im. Ma\u0142ej Ani z Zielonki. Nie zabraknie spotka\u0144 z misjonarzami z r\u00f3\u017cnych zak\u0105tk\u00f3w \u015bwiata. Przez ca\u0142y dzie\u0144 czynne b\u0119d\u0105 stoiska misyjne oraz prowadzona przez harcerzy z ZHR\u00a0 &#8220;Kawiarnia pod \u017cyraf\u0105&#8221; z tradycyjn\u0105 zup\u0105 z krokodyla.<\/p>\n<p style=\"text-align: justify;\"><a href=\"http:\/\/fundacja.szalata.pl\/wp-content\/uploads\/2010\/06\/list-abpa-Hosera.jpg\"><br \/>\n<\/a>W tegorocznym Festiwalu we\u017amie udzia\u0142 trzydziestoosobowa grupa dzieci powodzian z Wilkowa. Dzieci wraz ze swymi opiekunami pozostan\u0105 u nas przez kilka dni.<\/p>\n<p style=\"text-align: justify;\"><a href=\"http:\/\/fundacja.szalata.pl\/wp-content\/uploads\/2010\/06\/list-abpa-Hosera.jpg\"><img decoding=\"async\" loading=\"lazy\" class=\"aligncenter size-medium wp-image-971\" title=\"list abpa Hosera\" src=\"http:\/\/fundacja.szalata.pl\/wp-content\/uploads\/2010\/06\/list-abpa-Hosera-217x300.jpg\" alt=\"list abpa Hosera\" width=\"217\" height=\"300\" srcset=\"https:\/\/follereau.org\/wp-content\/uploads\/2010\/06\/list-abpa-Hosera-217x300.jpg 217w, https:\/\/follereau.org\/wp-content\/uploads\/2010\/06\/list-abpa-Hosera-742x1024.jpg 742w, https:\/\/follereau.org\/wp-content\/uploads\/2010\/06\/list-abpa-Hosera-152x210.jpg 152w, https:\/\/follereau.org\/wp-content\/uploads\/2010\/06\/list-abpa-Hosera.jpg 1272w\" sizes=\"(max-width: 217px) 100vw, 217px\" \/><\/a>\n\t\t<style type=\"text\/css\">\n\t\t\t#gallery-1 {\n\t\t\t\tmargin: auto;\n\t\t\t}\n\t\t\t#gallery-1 .gallery-item {\n\t\t\t\tfloat: left;\n\t\t\t\tmargin-top: 10px;\n\t\t\t\ttext-align: center;\n\t\t\t\twidth: 50%;\n\t\t\t}\n\t\t\t#gallery-1 img {\n\t\t\t\tborder: 2px solid #cfcfcf;\n\t\t\t}\n\t\t\t#gallery-1 .gallery-caption {\n\t\t\t\tmargin-left: 0;\n\t\t\t}\n\t\t\t\/* see gallery_shortcode() in wp-includes\/media.php *\/\n\t\t<\/style>\n\t\t<div id='gallery-1' class='gallery galleryid-909 gallery-columns-2 gallery-size-thumbnail'><dl class='gallery-item'>\n\t\t\t<dt class='gallery-icon landscape'>\n\t\t\t\t<a href='https:\/\/follereau.org\/wp-content\/uploads\/2010\/06\/VIII-Festiwal-Misyjny-20.jpg'><img width=\"150\" height=\"150\" src=\"https:\/\/follereau.org\/wp-content\/uploads\/2010\/06\/VIII-Festiwal-Misyjny-20-150x150.jpg\" class=\"attachment-thumbnail size-thumbnail\" alt=\"\" decoding=\"async\" loading=\"lazy\" srcset=\"https:\/\/follereau.org\/wp-content\/uploads\/2010\/06\/VIII-Festiwal-Misyjny-20-150x150.jpg 150w, https:\/\/follereau.org\/wp-content\/uploads\/2010\/06\/VIII-Festiwal-Misyjny-20-210x210.jpg 210w\" sizes=\"(max-width: 150px) 100vw, 150px\" \/><\/a>\n\t\t\t<\/dt><\/dl><dl class='gallery-item'>\n\t\t\t<dt class='gallery-icon landscape'>\n\t\t\t\t<a href='https:\/\/follereau.org\/wp-content\/uploads\/2010\/06\/VIII-Festiwal-Misyjny-18.jpg'><img width=\"150\" height=\"150\" src=\"https:\/\/follereau.org\/wp-content\/uploads\/2010\/06\/VIII-Festiwal-Misyjny-18-150x150.jpg\" class=\"attachment-thumbnail size-thumbnail\" alt=\"\" decoding=\"async\" loading=\"lazy\" srcset=\"https:\/\/follereau.org\/wp-content\/uploads\/2010\/06\/VIII-Festiwal-Misyjny-18-150x150.jpg 150w, https:\/\/follereau.org\/wp-content\/uploads\/2010\/06\/VIII-Festiwal-Misyjny-18-210x210.jpg 210w\" sizes=\"(max-width: 150px) 100vw, 150px\" \/><\/a>\n\t\t\t<\/dt><\/dl><br style=\"clear: both\" \/><dl class='gallery-item'>\n\t\t\t<dt class='gallery-icon landscape'>\n\t\t\t\t<a href='https:\/\/follereau.org\/wp-content\/uploads\/2010\/06\/VIII-Festiwal-Misyjny-17.jpg'><img width=\"150\" height=\"150\" src=\"https:\/\/follereau.org\/wp-content\/uploads\/2010\/06\/VIII-Festiwal-Misyjny-17-150x150.jpg\" class=\"attachment-thumbnail size-thumbnail\" alt=\"\" decoding=\"async\" loading=\"lazy\" srcset=\"https:\/\/follereau.org\/wp-content\/uploads\/2010\/06\/VIII-Festiwal-Misyjny-17-150x150.jpg 150w, https:\/\/follereau.org\/wp-content\/uploads\/2010\/06\/VIII-Festiwal-Misyjny-17-210x210.jpg 210w\" sizes=\"(max-width: 150px) 100vw, 150px\" \/><\/a>\n\t\t\t<\/dt><\/dl><dl class='gallery-item'>\n\t\t\t<dt class='gallery-icon landscape'>\n\t\t\t\t<a href='https:\/\/follereau.org\/wp-content\/uploads\/2010\/06\/VIII-Festiwal-Misyjny-16.jpg'><img width=\"150\" height=\"150\" src=\"https:\/\/follereau.org\/wp-content\/uploads\/2010\/06\/VIII-Festiwal-Misyjny-16-150x150.jpg\" class=\"attachment-thumbnail size-thumbnail\" alt=\"\" decoding=\"async\" loading=\"lazy\" srcset=\"https:\/\/follereau.org\/wp-content\/uploads\/2010\/06\/VIII-Festiwal-Misyjny-16-150x150.jpg 150w, https:\/\/follereau.org\/wp-content\/uploads\/2010\/06\/VIII-Festiwal-Misyjny-16-210x210.jpg 210w\" sizes=\"(max-width: 150px) 100vw, 150px\" \/><\/a>\n\t\t\t<\/dt><\/dl><br style=\"clear: both\" \/><dl class='gallery-item'>\n\t\t\t<dt class='gallery-icon landscape'>\n\t\t\t\t<a href='https:\/\/follereau.org\/wp-content\/uploads\/2010\/06\/VIII-Festiwal-Misyjny-15.jpg'><img width=\"150\" height=\"150\" src=\"https:\/\/follereau.org\/wp-content\/uploads\/2010\/06\/VIII-Festiwal-Misyjny-15-150x150.jpg\" class=\"attachment-thumbnail size-thumbnail\" alt=\"\" decoding=\"async\" loading=\"lazy\" srcset=\"https:\/\/follereau.org\/wp-content\/uploads\/2010\/06\/VIII-Festiwal-Misyjny-15-150x150.jpg 150w, https:\/\/follereau.org\/wp-content\/uploads\/2010\/06\/VIII-Festiwal-Misyjny-15-210x210.jpg 210w\" sizes=\"(max-width: 150px) 100vw, 150px\" \/><\/a>\n\t\t\t<\/dt><\/dl><dl class='gallery-item'>\n\t\t\t<dt class='gallery-icon landscape'>\n\t\t\t\t<a href='https:\/\/follereau.org\/wp-content\/uploads\/2010\/06\/VIII-Festiwal-Misyjny-14.jpg'><img width=\"150\" height=\"150\" src=\"https:\/\/follereau.org\/wp-content\/uploads\/2010\/06\/VIII-Festiwal-Misyjny-14-150x150.jpg\" class=\"attachment-thumbnail size-thumbnail\" alt=\"\" decoding=\"async\" loading=\"lazy\" srcset=\"https:\/\/follereau.org\/wp-content\/uploads\/2010\/06\/VIII-Festiwal-Misyjny-14-150x150.jpg 150w, https:\/\/follereau.org\/wp-content\/uploads\/2010\/06\/VIII-Festiwal-Misyjny-14-210x210.jpg 210w\" sizes=\"(max-width: 150px) 100vw, 150px\" \/><\/a>\n\t\t\t<\/dt><\/dl><br style=\"clear: both\" \/><dl class='gallery-item'>\n\t\t\t<dt class='gallery-icon landscape'>\n\t\t\t\t<a href='https:\/\/follereau.org\/wp-content\/uploads\/2010\/06\/VIII-Festiwal-Misyjny-13.jpg'><img width=\"150\" height=\"150\" src=\"https:\/\/follereau.org\/wp-content\/uploads\/2010\/06\/VIII-Festiwal-Misyjny-13-150x150.jpg\" class=\"attachment-thumbnail size-thumbnail\" alt=\"\" decoding=\"async\" loading=\"lazy\" srcset=\"https:\/\/follereau.org\/wp-content\/uploads\/2010\/06\/VIII-Festiwal-Misyjny-13-150x150.jpg 150w, https:\/\/follereau.org\/wp-content\/uploads\/2010\/06\/VIII-Festiwal-Misyjny-13-210x210.jpg 210w\" sizes=\"(max-width: 150px) 100vw, 150px\" \/><\/a>\n\t\t\t<\/dt><\/dl><dl class='gallery-item'>\n\t\t\t<dt class='gallery-icon landscape'>\n\t\t\t\t<a href='https:\/\/follereau.org\/wp-content\/uploads\/2010\/06\/VIII-Festiwal-Misyjny-12.jpg'><img width=\"150\" height=\"150\" src=\"https:\/\/follereau.org\/wp-content\/uploads\/2010\/06\/VIII-Festiwal-Misyjny-12-150x150.jpg\" class=\"attachment-thumbnail size-thumbnail\" alt=\"\" decoding=\"async\" loading=\"lazy\" srcset=\"https:\/\/follereau.org\/wp-content\/uploads\/2010\/06\/VIII-Festiwal-Misyjny-12-150x150.jpg 150w, https:\/\/follereau.org\/wp-content\/uploads\/2010\/06\/VIII-Festiwal-Misyjny-12-210x210.jpg 210w\" sizes=\"(max-width: 150px) 100vw, 150px\" \/><\/a>\n\t\t\t<\/dt><\/dl><br style=\"clear: both\" \/><dl class='gallery-item'>\n\t\t\t<dt class='gallery-icon landscape'>\n\t\t\t\t<a href='https:\/\/follereau.org\/wp-content\/uploads\/2010\/06\/VIII-Festiwal-Misyjny-11.jpg'><img width=\"150\" height=\"150\" src=\"https:\/\/follereau.org\/wp-content\/uploads\/2010\/06\/VIII-Festiwal-Misyjny-11-150x150.jpg\" class=\"attachment-thumbnail size-thumbnail\" alt=\"\" decoding=\"async\" loading=\"lazy\" srcset=\"https:\/\/follereau.org\/wp-content\/uploads\/2010\/06\/VIII-Festiwal-Misyjny-11-150x150.jpg 150w, https:\/\/follereau.org\/wp-content\/uploads\/2010\/06\/VIII-Festiwal-Misyjny-11-210x210.jpg 210w\" sizes=\"(max-width: 150px) 100vw, 150px\" \/><\/a>\n\t\t\t<\/dt><\/dl><dl class='gallery-item'>\n\t\t\t<dt class='gallery-icon landscape'>\n\t\t\t\t<a href='https:\/\/follereau.org\/wp-content\/uploads\/2010\/06\/VIII-Festiwal-Misyjny-10.jpg'><img width=\"150\" height=\"150\" src=\"https:\/\/follereau.org\/wp-content\/uploads\/2010\/06\/VIII-Festiwal-Misyjny-10-150x150.jpg\" class=\"attachment-thumbnail size-thumbnail\" alt=\"\" decoding=\"async\" loading=\"lazy\" srcset=\"https:\/\/follereau.org\/wp-content\/uploads\/2010\/06\/VIII-Festiwal-Misyjny-10-150x150.jpg 150w, https:\/\/follereau.org\/wp-content\/uploads\/2010\/06\/VIII-Festiwal-Misyjny-10-210x210.jpg 210w\" sizes=\"(max-width: 150px) 100vw, 150px\" \/><\/a>\n\t\t\t<\/dt><\/dl><br style=\"clear: both\" \/><dl class='gallery-item'>\n\t\t\t<dt class='gallery-icon landscape'>\n\t\t\t\t<a href='https:\/\/follereau.org\/wp-content\/uploads\/2010\/06\/VIII-Festiwal-Misyjny-9.jpg'><img width=\"150\" height=\"150\" src=\"https:\/\/follereau.org\/wp-content\/uploads\/2010\/06\/VIII-Festiwal-Misyjny-9-150x150.jpg\" class=\"attachment-thumbnail size-thumbnail\" alt=\"\" decoding=\"async\" loading=\"lazy\" srcset=\"https:\/\/follereau.org\/wp-content\/uploads\/2010\/06\/VIII-Festiwal-Misyjny-9-150x150.jpg 150w, https:\/\/follereau.org\/wp-content\/uploads\/2010\/06\/VIII-Festiwal-Misyjny-9-210x210.jpg 210w\" sizes=\"(max-width: 150px) 100vw, 150px\" \/><\/a>\n\t\t\t<\/dt><\/dl><dl class='gallery-item'>\n\t\t\t<dt class='gallery-icon landscape'>\n\t\t\t\t<a href='https:\/\/follereau.org\/wp-content\/uploads\/2010\/06\/VIII-Festiwal-Misyjny-8.jpg'><img width=\"150\" height=\"150\" src=\"https:\/\/follereau.org\/wp-content\/uploads\/2010\/06\/VIII-Festiwal-Misyjny-8-150x150.jpg\" class=\"attachment-thumbnail size-thumbnail\" alt=\"\" decoding=\"async\" loading=\"lazy\" srcset=\"https:\/\/follereau.org\/wp-content\/uploads\/2010\/06\/VIII-Festiwal-Misyjny-8-150x150.jpg 150w, https:\/\/follereau.org\/wp-content\/uploads\/2010\/06\/VIII-Festiwal-Misyjny-8-210x210.jpg 210w\" sizes=\"(max-width: 150px) 100vw, 150px\" \/><\/a>\n\t\t\t<\/dt><\/dl><br style=\"clear: both\" \/><dl class='gallery-item'>\n\t\t\t<dt class='gallery-icon landscape'>\n\t\t\t\t<a href='https:\/\/follereau.org\/wp-content\/uploads\/2010\/06\/VIII-Festiwal-Misyjny-7.jpg'><img width=\"150\" height=\"150\" src=\"https:\/\/follereau.org\/wp-content\/uploads\/2010\/06\/VIII-Festiwal-Misyjny-7-150x150.jpg\" class=\"attachment-thumbnail size-thumbnail\" alt=\"\" decoding=\"async\" loading=\"lazy\" srcset=\"https:\/\/follereau.org\/wp-content\/uploads\/2010\/06\/VIII-Festiwal-Misyjny-7-150x150.jpg 150w, https:\/\/follereau.org\/wp-content\/uploads\/2010\/06\/VIII-Festiwal-Misyjny-7-210x210.jpg 210w\" sizes=\"(max-width: 150px) 100vw, 150px\" \/><\/a>\n\t\t\t<\/dt><\/dl><dl class='gallery-item'>\n\t\t\t<dt class='gallery-icon landscape'>\n\t\t\t\t<a href='https:\/\/follereau.org\/wp-content\/uploads\/2010\/06\/VIII-Festiwal-Misyjny-6.jpg'><img width=\"150\" height=\"150\" src=\"https:\/\/follereau.org\/wp-content\/uploads\/2010\/06\/VIII-Festiwal-Misyjny-6-150x150.jpg\" class=\"attachment-thumbnail size-thumbnail\" alt=\"\" decoding=\"async\" loading=\"lazy\" srcset=\"https:\/\/follereau.org\/wp-content\/uploads\/2010\/06\/VIII-Festiwal-Misyjny-6-150x150.jpg 150w, https:\/\/follereau.org\/wp-content\/uploads\/2010\/06\/VIII-Festiwal-Misyjny-6-210x210.jpg 210w\" sizes=\"(max-width: 150px) 100vw, 150px\" \/><\/a>\n\t\t\t<\/dt><\/dl><br style=\"clear: both\" \/><dl class='gallery-item'>\n\t\t\t<dt class='gallery-icon landscape'>\n\t\t\t\t<a href='https:\/\/follereau.org\/wp-content\/uploads\/2010\/06\/VIII-Festiwal-Misyjny-5.jpg'><img width=\"150\" height=\"150\" src=\"https:\/\/follereau.org\/wp-content\/uploads\/2010\/06\/VIII-Festiwal-Misyjny-5-150x150.jpg\" class=\"attachment-thumbnail size-thumbnail\" alt=\"\" decoding=\"async\" loading=\"lazy\" srcset=\"https:\/\/follereau.org\/wp-content\/uploads\/2010\/06\/VIII-Festiwal-Misyjny-5-150x150.jpg 150w, https:\/\/follereau.org\/wp-content\/uploads\/2010\/06\/VIII-Festiwal-Misyjny-5-210x210.jpg 210w\" sizes=\"(max-width: 150px) 100vw, 150px\" \/><\/a>\n\t\t\t<\/dt><\/dl><dl class='gallery-item'>\n\t\t\t<dt class='gallery-icon landscape'>\n\t\t\t\t<a href='https:\/\/follereau.org\/wp-content\/uploads\/2010\/06\/VIII-Festiwal-Misyjny-4.jpg'><img width=\"150\" height=\"150\" src=\"https:\/\/follereau.org\/wp-content\/uploads\/2010\/06\/VIII-Festiwal-Misyjny-4-150x150.jpg\" class=\"attachment-thumbnail size-thumbnail\" alt=\"\" decoding=\"async\" loading=\"lazy\" srcset=\"https:\/\/follereau.org\/wp-content\/uploads\/2010\/06\/VIII-Festiwal-Misyjny-4-150x150.jpg 150w, https:\/\/follereau.org\/wp-content\/uploads\/2010\/06\/VIII-Festiwal-Misyjny-4-210x210.jpg 210w\" sizes=\"(max-width: 150px) 100vw, 150px\" \/><\/a>\n\t\t\t<\/dt><\/dl><br style=\"clear: both\" \/><dl class='gallery-item'>\n\t\t\t<dt class='gallery-icon portrait'>\n\t\t\t\t<a href='https:\/\/follereau.org\/wp-content\/uploads\/2010\/06\/VIII-Festiwal-Misyjny-3.jpg'><img width=\"150\" height=\"150\" src=\"https:\/\/follereau.org\/wp-content\/uploads\/2010\/06\/VIII-Festiwal-Misyjny-3-150x150.jpg\" class=\"attachment-thumbnail size-thumbnail\" alt=\"\" decoding=\"async\" loading=\"lazy\" srcset=\"https:\/\/follereau.org\/wp-content\/uploads\/2010\/06\/VIII-Festiwal-Misyjny-3-150x150.jpg 150w, https:\/\/follereau.org\/wp-content\/uploads\/2010\/06\/VIII-Festiwal-Misyjny-3-210x210.jpg 210w\" sizes=\"(max-width: 150px) 100vw, 150px\" \/><\/a>\n\t\t\t<\/dt><\/dl><dl class='gallery-item'>\n\t\t\t<dt class='gallery-icon landscape'>\n\t\t\t\t<a href='https:\/\/follereau.org\/wp-content\/uploads\/2010\/06\/VIII-Festiwal-Misyjny-2.jpg'><img width=\"150\" height=\"150\" src=\"https:\/\/follereau.org\/wp-content\/uploads\/2010\/06\/VIII-Festiwal-Misyjny-2-150x150.jpg\" class=\"attachment-thumbnail size-thumbnail\" alt=\"\" decoding=\"async\" loading=\"lazy\" srcset=\"https:\/\/follereau.org\/wp-content\/uploads\/2010\/06\/VIII-Festiwal-Misyjny-2-150x150.jpg 150w, https:\/\/follereau.org\/wp-content\/uploads\/2010\/06\/VIII-Festiwal-Misyjny-2-210x210.jpg 210w\" sizes=\"(max-width: 150px) 100vw, 150px\" \/><\/a>\n\t\t\t<\/dt><\/dl><br style=\"clear: both\" \/><dl class='gallery-item'>\n\t\t\t<dt class='gallery-icon landscape'>\n\t\t\t\t<a href='https:\/\/follereau.org\/wp-content\/uploads\/2010\/06\/VIII-Festiwal-Misyjny-1.jpg'><img width=\"150\" height=\"150\" src=\"https:\/\/follereau.org\/wp-content\/uploads\/2010\/06\/VIII-Festiwal-Misyjny-1-150x150.jpg\" class=\"attachment-thumbnail size-thumbnail\" alt=\"\" decoding=\"async\" loading=\"lazy\" srcset=\"https:\/\/follereau.org\/wp-content\/uploads\/2010\/06\/VIII-Festiwal-Misyjny-1-150x150.jpg 150w, https:\/\/follereau.org\/wp-content\/uploads\/2010\/06\/VIII-Festiwal-Misyjny-1-210x210.jpg 210w\" sizes=\"(max-width: 150px) 100vw, 150px\" \/><\/a>\n\t\t\t<\/dt><\/dl><dl class='gallery-item'>\n\t\t\t<dt class='gallery-icon portrait'>\n\t\t\t\t<a href='https:\/\/follereau.org\/wp-content\/uploads\/2010\/06\/list-abpa-Hosera1.jpg'><img width=\"150\" height=\"150\" src=\"https:\/\/follereau.org\/wp-content\/uploads\/2010\/06\/list-abpa-Hosera1-150x150.jpg\" class=\"attachment-thumbnail size-thumbnail\" alt=\"\" decoding=\"async\" loading=\"lazy\" srcset=\"https:\/\/follereau.org\/wp-content\/uploads\/2010\/06\/list-abpa-Hosera1-150x150.jpg 150w, https:\/\/follereau.org\/wp-content\/uploads\/2010\/06\/list-abpa-Hosera1-210x210.jpg 210w\" sizes=\"(max-width: 150px) 100vw, 150px\" \/><\/a>\n\t\t\t<\/dt><\/dl><br style=\"clear: both\" \/><dl class='gallery-item'>\n\t\t\t<dt class='gallery-icon portrait'>\n\t\t\t\t<a href='https:\/\/follereau.org\/wp-content\/uploads\/2010\/06\/list-abpa-Hosera.jpg'><img width=\"150\" height=\"150\" src=\"https:\/\/follereau.org\/wp-content\/uploads\/2010\/06\/list-abpa-Hosera-150x150.jpg\" class=\"attachment-thumbnail size-thumbnail\" alt=\"\" decoding=\"async\" loading=\"lazy\" srcset=\"https:\/\/follereau.org\/wp-content\/uploads\/2010\/06\/list-abpa-Hosera-150x150.jpg 150w, https:\/\/follereau.org\/wp-content\/uploads\/2010\/06\/list-abpa-Hosera-210x210.jpg 210w\" sizes=\"(max-width: 150px) 100vw, 150px\" \/><\/a>\n\t\t\t<\/dt><\/dl>\n\t\t\t<br style='clear: both' \/>\n\t\t<\/div>\n<\/p>\n","protected":false},"excerpt":{"rendered":"<p>W niedziel\u0119 20 czerwca odb\u0119dzie si\u0119 w Zielonce k. Warszawy VIII Festiwal Misyjny &#8220;B\u00f3g mnie kocha&#8221; pod patronatem Przewodnicz\u0105cego Komisji Episkopatu Polski ds. Misji ks. bpa Wiktora Skworca oraz ordynariusza &hellip; <a class=\"readmore\" href=\"https:\/\/follereau.org\/?p=909\">Czytaj dalej&#8230;<\/a><\/p>\n","protected":false},"author":2,"featured_media":0,"comment_status":"closed","ping_status":"closed","sticky":false,"template":"","format":"standard","meta":[],"categories":[4,8],"tags":[66,32,33,35,63],"_links":{"self":[{"href":"https:\/\/follereau.org\/index.php?rest_route=\/wp\/v2\/posts\/909"}],"collection":[{"href":"https:\/\/follereau.org\/index.php?rest_route=\/wp\/v2\/posts"}],"about":[{"href":"https:\/\/follereau.org\/index.php?rest_route=\/wp\/v2\/types\/post"}],"author":[{"embeddable":true,"href":"https:\/\/follereau.org\/index.php?rest_route=\/wp\/v2\/users\/2"}],"replies":[{"embeddable":true,"href":"https:\/\/follereau.org\/index.php?rest_route=%2Fwp%2Fv2%2Fcomments&post=909"}],"version-history":[{"count":9,"href":"https:\/\/follereau.org\/index.php?rest_route=\/wp\/v2\/posts\/909\/revisions"}],"predecessor-version":[{"id":912,"href":"https:\/\/follereau.org\/index.php?rest_route=\/wp\/v2\/posts\/909\/revisions\/912"}],"wp:attachment":[{"href":"https:\/\/follereau.org\/index.php?rest_route=%2Fwp%2Fv2%2Fmedia&parent=909"}],"wp:term":[{"taxonomy":"category","embeddable":true,"href":"https:\/\/follereau.org\/index.php?rest_route=%2Fwp%2Fv2%2Fcategories&post=909"},{"taxonomy":"post_tag","embeddable":true,"href":"https:\/\/follereau.org\/index.php?rest_route=%2Fwp%2Fv2%2Ftags&post=909"}],"curies":[{"name":"wp","href":"https:\/\/api.w.org\/{rel}","templated":true}]}}