{"id":717,"date":"2009-11-07T17:02:04","date_gmt":"2009-11-07T16:02:04","guid":{"rendered":"http:\/\/fundacja.szalata.pl\/?p=717"},"modified":"2010-08-31T16:43:11","modified_gmt":"2010-08-31T15:43:11","slug":"ukazal-sie-wybor-pism-raoula-follereau","status":"publish","type":"post","link":"https:\/\/follereau.org\/?p=717","title":{"rendered":"Ukaza\u0142 si\u0119 \u201eWyb\u00f3r pism Raoula Follereau\u201d"},"content":{"rendered":"<p style=\"text-align: justify;\"><a href=\"http:\/\/fundacja.szalata.pl\/wp-content\/uploads\/2009\/11\/okladka_folle1.jpg\"><img decoding=\"async\" loading=\"lazy\" class=\"alignright size-medium wp-image-727\" title=\"okladka_folle1\" src=\"http:\/\/fundacja.szalata.pl\/wp-content\/uploads\/2009\/11\/okladka_folle1-210x300.jpg\" alt=\"okladka_folle1\" width=\"210\" height=\"300\" srcset=\"https:\/\/follereau.org\/wp-content\/uploads\/2009\/11\/okladka_folle1-210x300.jpg 210w, https:\/\/follereau.org\/wp-content\/uploads\/2009\/11\/okladka_folle1-147x210.jpg 147w, https:\/\/follereau.org\/wp-content\/uploads\/2009\/11\/okladka_folle1.jpg 407w\" sizes=\"(max-width: 210px) 100vw, 210px\" \/><\/a>W Bibliotece Niedzieli ukaza\u0142 si\u0119 wyb\u00f3r pism Raoula Follereau opatrzony tytu\u0142em:\u00a0 <strong><em>Moje imi\u0119 Chrze\u015bcijanin<\/em><\/strong>. Wyb\u00f3r tekst\u00f3w zaczerpni\u0119tych z wydania dzie\u0142 wszystkich (<em>Les \u0153uvres completes de Raoul Follereau<\/em>, Paris 2002) w uk\u0142adzie przygotowanym specjalnie dla polskiego czytelnika przez syna duchowego Raoula Follereau Andr\u00e9 Rc\u00e9ipon, w opracowaniu Kazimierza Sza\u0142aty prze\u0142o\u017cy\u0142a Lilla Danilecka. Jest to pierwsze wydanie pism wielkiego humanisty XX wieku. Wcze\u015bniej w j\u0119zyku polskim dost\u0119pna by\u0142a tylko <em>Ksi\u0119ga Mi\u0142o\u015bci<\/em> oraz niewielkie fragmenty drukowane w Biuletynie Fundacji Polskiej Raoula Follereau <em>Nikt nie ma prawa by\u0107 szcz\u0119\u015bliwy sam<\/em>.<\/p>\n<p style=\"text-align: justify;\"><strong>Ks. Abp Henryk Hoser<\/strong> w s\u0142owie otwieraj\u0105cym tom napisa\u0142 mi\u0119dzy innymi: &#8220;Powiedzie\u0107, \u017ce Raoul Follereau by\u0142 cz\u0142owiekiem wierz\u0105cym, jest prawd\u0105 niewystarczaj\u0105c\u0105 o jego \u017cyciu. Dusz\u0105 i cia\u0142em by\u0142 bowiem \u015bwiadkiem Ewangelii, tej najpi\u0119kniejszej inspiracji jego \u017cycia. To ona, Ewangelia \u017bycia, by\u0142a kluczem do zrozumienia wszystkiego, co powiedzia\u0142 i wszystkiego, co uczyni\u0142.&#8221;<\/p>\n<p style=\"text-align: justify;\">Starannie wydan\u0105 pod wzgl\u0119dem graficznym i edytorskim ksi\u0105\u017ck\u0119 otwiera wprowadzenie dra Kazimierza Sza\u0142aty <em>Antropologia mi\u0142osierdzia<\/em>. (<a href=\"http:\/\/fundacja.szalata.pl\/wp-content\/uploads\/2008\/12\/antropologia-milosierdzia.pdf\">Tekst wprowadzenia w formacie PDF<\/a>) Ksi\u0105\u017cka licz\u0105ca 160 stron\u00a0 dost\u0119pna jest w twardej i mi\u0119kkiej oprawie.<\/p>\n<p style=\"text-align: justify;\">Copyright by: <em>Kuria Metropolitarna w Cz\u0119stochowie Tygodnik Niedziela oraz Fundacja Polska Raoula Follereau.<\/em><\/p>\n<p style=\"text-align: justify;\">Prezentacja ksi\u0105\u017cek w tygodniku Niedziela z 29 listopada 2009<\/p>\n","protected":false},"excerpt":{"rendered":"<p>W Bibliotece Niedzieli ukaza\u0142 si\u0119 wyb\u00f3r pism Raoula Follereau opatrzony tytu\u0142em:\u00a0 Moje imi\u0119 Chrze\u015bcijanin. Wyb\u00f3r tekst\u00f3w zaczerpni\u0119tych z wydania dzie\u0142 wszystkich (Les \u0153uvres completes de Raoul Follereau, Paris 2002) w &hellip; <a class=\"readmore\" href=\"https:\/\/follereau.org\/?p=717\">Czytaj dalej&#8230;<\/a><\/p>\n","protected":false},"author":2,"featured_media":0,"comment_status":"closed","ping_status":"closed","sticky":false,"template":"","format":"standard","meta":[],"categories":[6,4],"tags":[47,31,49,46,45,48],"_links":{"self":[{"href":"https:\/\/follereau.org\/index.php?rest_route=\/wp\/v2\/posts\/717"}],"collection":[{"href":"https:\/\/follereau.org\/index.php?rest_route=\/wp\/v2\/posts"}],"about":[{"href":"https:\/\/follereau.org\/index.php?rest_route=\/wp\/v2\/types\/post"}],"author":[{"embeddable":true,"href":"https:\/\/follereau.org\/index.php?rest_route=\/wp\/v2\/users\/2"}],"replies":[{"embeddable":true,"href":"https:\/\/follereau.org\/index.php?rest_route=%2Fwp%2Fv2%2Fcomments&post=717"}],"version-history":[{"count":13,"href":"https:\/\/follereau.org\/index.php?rest_route=\/wp\/v2\/posts\/717\/revisions"}],"predecessor-version":[{"id":1003,"href":"https:\/\/follereau.org\/index.php?rest_route=\/wp\/v2\/posts\/717\/revisions\/1003"}],"wp:attachment":[{"href":"https:\/\/follereau.org\/index.php?rest_route=%2Fwp%2Fv2%2Fmedia&parent=717"}],"wp:term":[{"taxonomy":"category","embeddable":true,"href":"https:\/\/follereau.org\/index.php?rest_route=%2Fwp%2Fv2%2Fcategories&post=717"},{"taxonomy":"post_tag","embeddable":true,"href":"https:\/\/follereau.org\/index.php?rest_route=%2Fwp%2Fv2%2Ftags&post=717"}],"curies":[{"name":"wp","href":"https:\/\/api.w.org\/{rel}","templated":true}]}}