{"id":5154,"date":"2026-03-09T20:12:37","date_gmt":"2026-03-09T18:12:37","guid":{"rendered":"https:\/\/follereau.org\/?p=5154"},"modified":"2026-03-09T20:12:37","modified_gmt":"2026-03-09T18:12:37","slug":"nadzwyczajne-zebranie-uiarf","status":"publish","type":"post","link":"https:\/\/follereau.org\/?p=5154","title":{"rendered":"Nadzwyczajne zebranie UIARF"},"content":{"rendered":"<p>Dzi\u015b mia\u0142em okazj\u0119 poprowadzi\u0107 nadzwyczajne zebranie Zarz\u0105du Mi\u0119dzynarodowej Unii Raoula Follereau UIARF z udzia\u0142em wiceprezydenta Coty Jean Diakite (Abid\u017can), sekretarza generalnego Olega Oussa i Beatrix de Charette (Pary\u017c). Spotkanie on line po\u015bwi\u0119cone by\u0142o zamkni\u0119ciu dzia\u0142alno\u015bci w\u0142oskiej Fundacji &#8220;Voglio Vivere&#8221; oraz aktualnego statusu w UIARF by\u0142ego ju\u017c prezydenta tej\u017ce Fundacji Guido Barbera.<a href=\"https:\/\/follereau.org\/wp-content\/uploads\/2026\/03\/Zebranie1.jpg\"><img decoding=\"async\" loading=\"lazy\" class=\"aligncenter size-medium wp-image-5155\" src=\"https:\/\/follereau.org\/wp-content\/uploads\/2026\/03\/Zebranie1-300x168.jpg\" alt=\"\" width=\"300\" height=\"168\" srcset=\"https:\/\/follereau.org\/wp-content\/uploads\/2026\/03\/Zebranie1-300x168.jpg 300w, https:\/\/follereau.org\/wp-content\/uploads\/2026\/03\/Zebranie1-1024x574.jpg 1024w, https:\/\/follereau.org\/wp-content\/uploads\/2026\/03\/Zebranie1-210x118.jpg 210w, https:\/\/follereau.org\/wp-content\/uploads\/2026\/03\/Zebranie1.jpg 1493w\" sizes=\"(max-width: 300px) 100vw, 300px\" \/><\/a><\/p>\n","protected":false},"excerpt":{"rendered":"<p>Dzi\u015b mia\u0142em okazj\u0119 poprowadzi\u0107 nadzwyczajne zebranie Zarz\u0105du Mi\u0119dzynarodowej Unii Raoula Follereau UIARF z udzia\u0142em wiceprezydenta Coty Jean Diakite (Abid\u017can), sekretarza generalnego Olega Oussa i Beatrix de Charette (Pary\u017c). Spotkanie on &hellip; <a class=\"readmore\" href=\"https:\/\/follereau.org\/?p=5154\">Czytaj dalej&#8230;<\/a><\/p>\n","protected":false},"author":2,"featured_media":5155,"comment_status":"closed","ping_status":"closed","sticky":false,"template":"","format":"standard","meta":[],"categories":[4],"tags":[109,25,75,174,275],"_links":{"self":[{"href":"https:\/\/follereau.org\/index.php?rest_route=\/wp\/v2\/posts\/5154"}],"collection":[{"href":"https:\/\/follereau.org\/index.php?rest_route=\/wp\/v2\/posts"}],"about":[{"href":"https:\/\/follereau.org\/index.php?rest_route=\/wp\/v2\/types\/post"}],"author":[{"embeddable":true,"href":"https:\/\/follereau.org\/index.php?rest_route=\/wp\/v2\/users\/2"}],"replies":[{"embeddable":true,"href":"https:\/\/follereau.org\/index.php?rest_route=%2Fwp%2Fv2%2Fcomments&post=5154"}],"version-history":[{"count":1,"href":"https:\/\/follereau.org\/index.php?rest_route=\/wp\/v2\/posts\/5154\/revisions"}],"predecessor-version":[{"id":5156,"href":"https:\/\/follereau.org\/index.php?rest_route=\/wp\/v2\/posts\/5154\/revisions\/5156"}],"wp:featuredmedia":[{"embeddable":true,"href":"https:\/\/follereau.org\/index.php?rest_route=\/wp\/v2\/media\/5155"}],"wp:attachment":[{"href":"https:\/\/follereau.org\/index.php?rest_route=%2Fwp%2Fv2%2Fmedia&parent=5154"}],"wp:term":[{"taxonomy":"category","embeddable":true,"href":"https:\/\/follereau.org\/index.php?rest_route=%2Fwp%2Fv2%2Fcategories&post=5154"},{"taxonomy":"post_tag","embeddable":true,"href":"https:\/\/follereau.org\/index.php?rest_route=%2Fwp%2Fv2%2Ftags&post=5154"}],"curies":[{"name":"wp","href":"https:\/\/api.w.org\/{rel}","templated":true}]}}