{"id":5084,"date":"2025-06-18T15:15:29","date_gmt":"2025-06-18T13:15:29","guid":{"rendered":"https:\/\/follereau.org\/?p=5084"},"modified":"2025-06-18T15:15:29","modified_gmt":"2025-06-18T13:15:29","slug":"doroczne-zebranie-zarzadu-ruchu-na-rzecz-kanonizacji-follereau","status":"publish","type":"post","link":"https:\/\/follereau.org\/?p=5084","title":{"rendered":"Doroczne zebranie Zarz\u0105du Ruchu na rzecz kanonizacji Follereau"},"content":{"rendered":"<p>18 czerwca br w sali Andr\u00e9 R\u00e9cipon przy 33 rue de Dantzig w Pary\u017cu odby\u0142o si\u0119 doroczne zebranie Zarz\u0105du Ruchu na rzecz Kanonizacji Raoula u Madelaine Follereau w sk\u0142adzie: Xavier Delsolt, Yvon Pinson, Michel R\u00e9cipon, Hubert de Blic, Alain Morisot, Fran\u00e7ois de Rambuteau, Pierre Thieboult, Oleg Ouss i Kazimierz Sza\u0142ata. Powo\u0142any w 2009 roku zesp\u00f3\u0142 przy postulatorze procesu kanonizacyjnego ks. Bernarda Couronne ze Zgromadzenia Naj\u015bwi\u0119tszych Serc Jezusa i Maryi czuwa nad gromadzeniem obszernej dokumentacji dotycz\u0105cej dzia\u0142alno\u015bci Raoula i Madelaine Follereau organizowaniem grup modlitewnych i innych wydarze\u0144 zwi\u0105zanych z ukazywaniem owoc\u00f3w cn\u00f3t ewangelicznych \u201eAposto\u0142a mi\u0142osierdzia XX wieku\u201d. Dzia\u0142alno\u015b\u0107 Raoula Follereau na rzecz najbiedniejszych by\u0142a wielowymiarowa i mia\u0142a charakter globalny, przekracza\u0142a granice Francji i Europy, dlatego te\u017c pola bada\u0144 nad \u017cyciem Follereau s\u0105 bardzo szerokie. Inicjator \u015bwiatowej akcji na rzecz chorych na tr\u0105d, walka o pok\u00f3j i sprawiedliwo\u015b\u0107 spo\u0142eczn\u0105 opart\u0105 na chrze\u015bcija\u0144skim mi\u0142osierdziu wreszcie wysi\u0142ki na rzecz odrodzenia chrze\u015bcija\u0144skiej kultury naszego kr\u0119gu cywilizacyjnego zostawi\u0142 po sobie wiele \u015bwiadectw, kt\u00f3re mog\u0105 stanowi\u0107 dla nas wz\u00f3r do na\u015bladowania. Ma\u0142\u017ce\u0144stwo Raoula i Madelaine Follereau mimo i\u017c nie mia\u0142o szcz\u0119\u015bcia cieszy\u0107 si\u0119 w\u0142asnym potomstwem by\u0142o jak\u017ce p\u0142odne p\u0142odno\u015bci\u0105 ma\u0142\u017ce\u0144skiej mi\u0142o\u015bci; na wszystkich kontynentach s\u0142ysza\u0142o z ust dzieci: \u201eMama Madelaine\u201d, \u201eTata Raoul\u201d. Jednym z owoc\u00f3w dzisiejszego spotkania by\u0142a decyzja o konieczno\u015bci zorganizowania w Warszawie sympozjum naukowego po\u015bwi\u0119conego dziedzictwu duchowemu ma\u0142\u017ce\u0144stwa Follereau.<a href=\"https:\/\/follereau.org\/wp-content\/uploads\/2025\/06\/2.jpg\"><img decoding=\"async\" loading=\"lazy\" class=\"aligncenter size-medium wp-image-5085\" src=\"https:\/\/follereau.org\/wp-content\/uploads\/2025\/06\/2-300x184.jpg\" alt=\"\" width=\"300\" height=\"184\" srcset=\"https:\/\/follereau.org\/wp-content\/uploads\/2025\/06\/2-300x184.jpg 300w, https:\/\/follereau.org\/wp-content\/uploads\/2025\/06\/2-1024x628.jpg 1024w, https:\/\/follereau.org\/wp-content\/uploads\/2025\/06\/2-1536x942.jpg 1536w, https:\/\/follereau.org\/wp-content\/uploads\/2025\/06\/2-210x129.jpg 210w, https:\/\/follereau.org\/wp-content\/uploads\/2025\/06\/2.jpg 1590w\" sizes=\"(max-width: 300px) 100vw, 300px\" \/><\/a> <a href=\"https:\/\/follereau.org\/wp-content\/uploads\/2025\/06\/fol.jpeg\"><img decoding=\"async\" loading=\"lazy\" class=\"aligncenter size-medium wp-image-5086\" src=\"https:\/\/follereau.org\/wp-content\/uploads\/2025\/06\/fol-150x300.jpeg\" alt=\"\" width=\"150\" height=\"300\" srcset=\"https:\/\/follereau.org\/wp-content\/uploads\/2025\/06\/fol-150x300.jpeg 150w, https:\/\/follereau.org\/wp-content\/uploads\/2025\/06\/fol-513x1024.jpeg 513w, https:\/\/follereau.org\/wp-content\/uploads\/2025\/06\/fol-769x1536.jpeg 769w, https:\/\/follereau.org\/wp-content\/uploads\/2025\/06\/fol-105x210.jpeg 105w, https:\/\/follereau.org\/wp-content\/uploads\/2025\/06\/fol.jpeg 834w\" sizes=\"(max-width: 150px) 100vw, 150px\" \/><\/a><\/p>\n","protected":false},"excerpt":{"rendered":"<p>18 czerwca br w sali Andr\u00e9 R\u00e9cipon przy 33 rue de Dantzig w Pary\u017cu odby\u0142o si\u0119 doroczne zebranie Zarz\u0105du Ruchu na rzecz Kanonizacji Raoula u Madelaine Follereau w sk\u0142adzie: Xavier &hellip; <a class=\"readmore\" href=\"https:\/\/follereau.org\/?p=5084\">Czytaj dalej&#8230;<\/a><\/p>\n","protected":false},"author":2,"featured_media":5085,"comment_status":"closed","ping_status":"closed","sticky":false,"template":"","format":"standard","meta":[],"categories":[3,4],"tags":[19,25,75,70],"_links":{"self":[{"href":"https:\/\/follereau.org\/index.php?rest_route=\/wp\/v2\/posts\/5084"}],"collection":[{"href":"https:\/\/follereau.org\/index.php?rest_route=\/wp\/v2\/posts"}],"about":[{"href":"https:\/\/follereau.org\/index.php?rest_route=\/wp\/v2\/types\/post"}],"author":[{"embeddable":true,"href":"https:\/\/follereau.org\/index.php?rest_route=\/wp\/v2\/users\/2"}],"replies":[{"embeddable":true,"href":"https:\/\/follereau.org\/index.php?rest_route=%2Fwp%2Fv2%2Fcomments&post=5084"}],"version-history":[{"count":1,"href":"https:\/\/follereau.org\/index.php?rest_route=\/wp\/v2\/posts\/5084\/revisions"}],"predecessor-version":[{"id":5087,"href":"https:\/\/follereau.org\/index.php?rest_route=\/wp\/v2\/posts\/5084\/revisions\/5087"}],"wp:featuredmedia":[{"embeddable":true,"href":"https:\/\/follereau.org\/index.php?rest_route=\/wp\/v2\/media\/5085"}],"wp:attachment":[{"href":"https:\/\/follereau.org\/index.php?rest_route=%2Fwp%2Fv2%2Fmedia&parent=5084"}],"wp:term":[{"taxonomy":"category","embeddable":true,"href":"https:\/\/follereau.org\/index.php?rest_route=%2Fwp%2Fv2%2Fcategories&post=5084"},{"taxonomy":"post_tag","embeddable":true,"href":"https:\/\/follereau.org\/index.php?rest_route=%2Fwp%2Fv2%2Ftags&post=5084"}],"curies":[{"name":"wp","href":"https:\/\/api.w.org\/{rel}","templated":true}]}}