{"id":5073,"date":"2025-04-26T00:12:39","date_gmt":"2025-04-25T22:12:39","guid":{"rendered":"https:\/\/follereau.org\/?p=5073"},"modified":"2025-04-26T00:12:39","modified_gmt":"2025-04-25T22:12:39","slug":"swiatowy-dzien-chorego-2025","status":"publish","type":"post","link":"https:\/\/follereau.org\/?p=5073","title":{"rendered":"\u015awiatowy Dzie\u0144 Chorego 2025"},"content":{"rendered":"<p align=\"justify\"><span style=\"color: #222222;\"><span style=\"font-family: Arial, Verdana, sans-serif;\"><span>Wzorem lat ubieg\u0142ych Fundacja Polska Raoula Follereau we wsp\u00f3\u0142pracy z Zespo\u0142em Szk\u00f3\u0142 Specjalnych przy szpitalu Dzieci\u0119cym im. prof. Bogdanowicza w Warszawie zorganizowa\u0142a uroczyste obchody \u015awiatowego Dnia Chorego. Spotkanie, kt\u00f3re ze wzgl\u0119du na lutow\u0105 fal\u0119 grypy zosta\u0142o przeniesione na uroczysto\u015b\u0107 \u015bwi\u0119tego J\u00f3zefa rozpocz\u0119\u0142o si\u0119 od mszy \u015bw. w kaplicy szpitalnej, kt\u00f3r\u0105 odprawi\u0142 kapelan szpitalny <strong>ks. Krystian Czerski.<\/strong><\/span><\/span><\/span><\/p>\n<p align=\"justify\"><span style=\"color: #222222;\"><span style=\"font-family: Arial, Verdana, sans-serif;\"><span>Podczas uroczystej akademii, kt\u00f3r\u0105 poprowadzi\u0142 kierownik UO UKSW <strong>dr Kazimierz Sza\u0142ata<\/strong>\u00a0ks. Kapelan zaprezentowa\u0142 posta\u0107 b\u0142. Karlo Acutisa. Jak co roku Darem Malejonek wyst\u0105pi\u0142 z kr\u00f3tkim koncertem, kt\u00f3remu towarzyszy\u0142y gry i zabawy przygotowane przez Szczep ZHR Rosa Venti z Zielonki. Na zako\u0144czenie wszyscy uczestnicy otrzymali prezenty ufundowane przez Fundacj\u0119 Polsk\u0105 Raoula Follereau. Doroczne spotkania s\u0105 obj\u0119te sta\u0142ym patronatem Rektora UKSW.<a href=\"https:\/\/follereau.org\/wp-content\/uploads\/2025\/04\/b-scaled.jpg\"><img decoding=\"async\" loading=\"lazy\" class=\"aligncenter size-medium wp-image-5074\" src=\"https:\/\/follereau.org\/wp-content\/uploads\/2025\/04\/b-300x200.jpg\" alt=\"\" width=\"300\" height=\"200\" srcset=\"https:\/\/follereau.org\/wp-content\/uploads\/2025\/04\/b-300x200.jpg 300w, https:\/\/follereau.org\/wp-content\/uploads\/2025\/04\/b-1024x683.jpg 1024w, https:\/\/follereau.org\/wp-content\/uploads\/2025\/04\/b-1536x1024.jpg 1536w, https:\/\/follereau.org\/wp-content\/uploads\/2025\/04\/b-2048x1365.jpg 2048w, https:\/\/follereau.org\/wp-content\/uploads\/2025\/04\/b-210x140.jpg 210w\" sizes=\"(max-width: 300px) 100vw, 300px\" \/><\/a> <a href=\"https:\/\/follereau.org\/wp-content\/uploads\/2025\/04\/aa-scaled.jpg\"><img decoding=\"async\" loading=\"lazy\" class=\"aligncenter size-medium wp-image-5075\" src=\"https:\/\/follereau.org\/wp-content\/uploads\/2025\/04\/aa-300x200.jpg\" alt=\"\" width=\"300\" height=\"200\" srcset=\"https:\/\/follereau.org\/wp-content\/uploads\/2025\/04\/aa-300x200.jpg 300w, https:\/\/follereau.org\/wp-content\/uploads\/2025\/04\/aa-1024x683.jpg 1024w, https:\/\/follereau.org\/wp-content\/uploads\/2025\/04\/aa-1536x1024.jpg 1536w, https:\/\/follereau.org\/wp-content\/uploads\/2025\/04\/aa-2048x1365.jpg 2048w, https:\/\/follereau.org\/wp-content\/uploads\/2025\/04\/aa-210x140.jpg 210w\" sizes=\"(max-width: 300px) 100vw, 300px\" \/><\/a> <a href=\"https:\/\/follereau.org\/wp-content\/uploads\/2025\/04\/a-scaled.jpg\"><img decoding=\"async\" loading=\"lazy\" class=\"aligncenter size-medium wp-image-5076\" src=\"https:\/\/follereau.org\/wp-content\/uploads\/2025\/04\/a-300x200.jpg\" alt=\"\" width=\"300\" height=\"200\" srcset=\"https:\/\/follereau.org\/wp-content\/uploads\/2025\/04\/a-300x200.jpg 300w, https:\/\/follereau.org\/wp-content\/uploads\/2025\/04\/a-1024x682.jpg 1024w, https:\/\/follereau.org\/wp-content\/uploads\/2025\/04\/a-1536x1023.jpg 1536w, https:\/\/follereau.org\/wp-content\/uploads\/2025\/04\/a-2048x1364.jpg 2048w, https:\/\/follereau.org\/wp-content\/uploads\/2025\/04\/a-210x140.jpg 210w\" sizes=\"(max-width: 300px) 100vw, 300px\" \/><\/a><a href=\"https:\/\/follereau.org\/wp-content\/uploads\/2025\/04\/c-scaled.jpg\"><img decoding=\"async\" loading=\"lazy\" class=\"aligncenter size-medium wp-image-5078\" src=\"https:\/\/follereau.org\/wp-content\/uploads\/2025\/04\/c-300x200.jpg\" alt=\"\" width=\"300\" height=\"200\" srcset=\"https:\/\/follereau.org\/wp-content\/uploads\/2025\/04\/c-300x200.jpg 300w, https:\/\/follereau.org\/wp-content\/uploads\/2025\/04\/c-1024x683.jpg 1024w, https:\/\/follereau.org\/wp-content\/uploads\/2025\/04\/c-1536x1024.jpg 1536w, https:\/\/follereau.org\/wp-content\/uploads\/2025\/04\/c-2048x1365.jpg 2048w, https:\/\/follereau.org\/wp-content\/uploads\/2025\/04\/c-210x140.jpg 210w\" sizes=\"(max-width: 300px) 100vw, 300px\" \/><\/a> <a href=\"https:\/\/follereau.org\/wp-content\/uploads\/2025\/04\/bb-scaled.jpg\"><img decoding=\"async\" loading=\"lazy\" class=\"aligncenter size-medium wp-image-5079\" src=\"https:\/\/follereau.org\/wp-content\/uploads\/2025\/04\/bb-300x207.jpg\" alt=\"\" width=\"300\" height=\"207\" srcset=\"https:\/\/follereau.org\/wp-content\/uploads\/2025\/04\/bb-300x207.jpg 300w, https:\/\/follereau.org\/wp-content\/uploads\/2025\/04\/bb-1024x707.jpg 1024w, https:\/\/follereau.org\/wp-content\/uploads\/2025\/04\/bb-1536x1061.jpg 1536w, https:\/\/follereau.org\/wp-content\/uploads\/2025\/04\/bb-2048x1414.jpg 2048w, https:\/\/follereau.org\/wp-content\/uploads\/2025\/04\/bb-210x145.jpg 210w\" sizes=\"(max-width: 300px) 100vw, 300px\" \/><\/a><\/span><\/span><\/span><\/p>\n","protected":false},"excerpt":{"rendered":"<p>Wzorem lat ubieg\u0142ych Fundacja Polska Raoula Follereau we wsp\u00f3\u0142pracy z Zespo\u0142em Szk\u00f3\u0142 Specjalnych przy szpitalu Dzieci\u0119cym im. prof. Bogdanowicza w Warszawie zorganizowa\u0142a uroczyste obchody \u015awiatowego Dnia Chorego. Spotkanie, kt\u00f3re ze &hellip; <a class=\"readmore\" href=\"https:\/\/follereau.org\/?p=5073\">Czytaj dalej&#8230;<\/a><\/p>\n","protected":false},"author":2,"featured_media":5074,"comment_status":"closed","ping_status":"closed","sticky":false,"template":"","format":"standard","meta":[],"categories":[3,189,4],"tags":[18,25,75,112,13,11],"_links":{"self":[{"href":"https:\/\/follereau.org\/index.php?rest_route=\/wp\/v2\/posts\/5073"}],"collection":[{"href":"https:\/\/follereau.org\/index.php?rest_route=\/wp\/v2\/posts"}],"about":[{"href":"https:\/\/follereau.org\/index.php?rest_route=\/wp\/v2\/types\/post"}],"author":[{"embeddable":true,"href":"https:\/\/follereau.org\/index.php?rest_route=\/wp\/v2\/users\/2"}],"replies":[{"embeddable":true,"href":"https:\/\/follereau.org\/index.php?rest_route=%2Fwp%2Fv2%2Fcomments&post=5073"}],"version-history":[{"count":1,"href":"https:\/\/follereau.org\/index.php?rest_route=\/wp\/v2\/posts\/5073\/revisions"}],"predecessor-version":[{"id":5080,"href":"https:\/\/follereau.org\/index.php?rest_route=\/wp\/v2\/posts\/5073\/revisions\/5080"}],"wp:featuredmedia":[{"embeddable":true,"href":"https:\/\/follereau.org\/index.php?rest_route=\/wp\/v2\/media\/5074"}],"wp:attachment":[{"href":"https:\/\/follereau.org\/index.php?rest_route=%2Fwp%2Fv2%2Fmedia&parent=5073"}],"wp:term":[{"taxonomy":"category","embeddable":true,"href":"https:\/\/follereau.org\/index.php?rest_route=%2Fwp%2Fv2%2Fcategories&post=5073"},{"taxonomy":"post_tag","embeddable":true,"href":"https:\/\/follereau.org\/index.php?rest_route=%2Fwp%2Fv2%2Ftags&post=5073"}],"curies":[{"name":"wp","href":"https:\/\/api.w.org\/{rel}","templated":true}]}}