{"id":5069,"date":"2025-04-25T23:53:12","date_gmt":"2025-04-25T21:53:12","guid":{"rendered":"https:\/\/follereau.org\/?p=5069"},"modified":"2025-04-25T23:53:12","modified_gmt":"2025-04-25T21:53:12","slug":"prezes-fundacji-follereau-w-zamosciu","status":"publish","type":"post","link":"https:\/\/follereau.org\/?p=5069","title":{"rendered":"Prezes Fundacji Follereau w Zamo\u015bciu"},"content":{"rendered":"<p>Obchody krajowe 72 \u015awiatowego dnia Tr\u0119dowatych rozpocz\u0119li\u015bmy od wyk\u0142adu w Akademii Zamojskiej i nagrania kilku audycji w Katolickim Radiu Zamo\u015b\u0107. Podczas spotkania na antenie radiowej prezes Fundacji Polskiej Raoula Follereau i zarazem Prezydent Mi\u0119dzynarodowej Unii Follereau\u00a0 przedstawi\u0142 g\u0142\u00f3wne kierunki pracy rozsianych po ca\u0142ym \u015bwiecie stowarzysze\u0144 i fundacji nosz\u0105cych imi\u0119 wielkiego humanisty dwudziestego wieku Raoula Follereau. Podczas wyk\u0142adu wyg\u0142oszonego w ramach cyklu &#8220;Akademia Zamojska na rzecz Rodziny&#8221; w ko\u015bciele akademickim \u015bw. Katarzyny zaprezentowa\u0142 g\u0142\u00f3wne przes\u0142anie bogatej spu\u015bcizny Raoula Follereau. G\u0142\u00f3wnym motywem prelekcji by\u0142y s\u0142owa francuskiego my\u015bliciela i autora wielkiej \u015bwiatowej akcji na rzecz najbiedniejszych z biednych, jak nazywa\u0142 ludzi chorych na tr\u0105d: &#8220;nikt nie ma prawa by\u015b szcz\u0119\u015bliwy sam&#8221;. Wszyscy bowiem zostali\u015bmy obdarzeni mi\u0142o\u015bci\u0105 Boga, kt\u00f3r\u0105 powinni\u015bmy si\u0119 dzieli\u0107 z innymi.<\/p>\n<p>Wyj\u0105tkowa atmosfera, wyj\u0105tkowi s\u0142uchacze.<\/p>\n<p>Bogu niech b\u0119d\u0105 dzi\u0119ki!<\/p>\n<p><a href=\"https:\/\/follereau.org\/wp-content\/uploads\/2025\/04\/zam2.jpg\"><img decoding=\"async\" loading=\"lazy\" class=\"aligncenter size-medium wp-image-5070\" src=\"https:\/\/follereau.org\/wp-content\/uploads\/2025\/04\/zam2-300x220.jpg\" alt=\"\" width=\"300\" height=\"220\" srcset=\"https:\/\/follereau.org\/wp-content\/uploads\/2025\/04\/zam2-300x220.jpg 300w, https:\/\/follereau.org\/wp-content\/uploads\/2025\/04\/zam2-1024x750.jpg 1024w, https:\/\/follereau.org\/wp-content\/uploads\/2025\/04\/zam2-210x154.jpg 210w, https:\/\/follereau.org\/wp-content\/uploads\/2025\/04\/zam2.jpg 1239w\" sizes=\"(max-width: 300px) 100vw, 300px\" \/><\/a> <a href=\"https:\/\/follereau.org\/wp-content\/uploads\/2025\/04\/zam1.jpg\"><img decoding=\"async\" loading=\"lazy\" class=\"aligncenter size-medium wp-image-5071\" src=\"https:\/\/follereau.org\/wp-content\/uploads\/2025\/04\/zam1-205x300.jpg\" alt=\"\" width=\"205\" height=\"300\" srcset=\"https:\/\/follereau.org\/wp-content\/uploads\/2025\/04\/zam1-205x300.jpg 205w, https:\/\/follereau.org\/wp-content\/uploads\/2025\/04\/zam1-701x1024.jpg 701w, https:\/\/follereau.org\/wp-content\/uploads\/2025\/04\/zam1-144x210.jpg 144w, https:\/\/follereau.org\/wp-content\/uploads\/2025\/04\/zam1.jpg 857w\" sizes=\"(max-width: 205px) 100vw, 205px\" \/><\/a><\/p>\n","protected":false},"excerpt":{"rendered":"<p>Obchody krajowe 72 \u015awiatowego dnia Tr\u0119dowatych rozpocz\u0119li\u015bmy od wyk\u0142adu w Akademii Zamojskiej i nagrania kilku audycji w Katolickim Radiu Zamo\u015b\u0107. Podczas spotkania na antenie radiowej prezes Fundacji Polskiej Raoula Follereau &hellip; <a class=\"readmore\" href=\"https:\/\/follereau.org\/?p=5069\">Czytaj dalej&#8230;<\/a><\/p>\n","protected":false},"author":2,"featured_media":5070,"comment_status":"closed","ping_status":"closed","sticky":false,"template":"","format":"standard","meta":[],"categories":[1],"tags":[],"_links":{"self":[{"href":"https:\/\/follereau.org\/index.php?rest_route=\/wp\/v2\/posts\/5069"}],"collection":[{"href":"https:\/\/follereau.org\/index.php?rest_route=\/wp\/v2\/posts"}],"about":[{"href":"https:\/\/follereau.org\/index.php?rest_route=\/wp\/v2\/types\/post"}],"author":[{"embeddable":true,"href":"https:\/\/follereau.org\/index.php?rest_route=\/wp\/v2\/users\/2"}],"replies":[{"embeddable":true,"href":"https:\/\/follereau.org\/index.php?rest_route=%2Fwp%2Fv2%2Fcomments&post=5069"}],"version-history":[{"count":1,"href":"https:\/\/follereau.org\/index.php?rest_route=\/wp\/v2\/posts\/5069\/revisions"}],"predecessor-version":[{"id":5072,"href":"https:\/\/follereau.org\/index.php?rest_route=\/wp\/v2\/posts\/5069\/revisions\/5072"}],"wp:featuredmedia":[{"embeddable":true,"href":"https:\/\/follereau.org\/index.php?rest_route=\/wp\/v2\/media\/5070"}],"wp:attachment":[{"href":"https:\/\/follereau.org\/index.php?rest_route=%2Fwp%2Fv2%2Fmedia&parent=5069"}],"wp:term":[{"taxonomy":"category","embeddable":true,"href":"https:\/\/follereau.org\/index.php?rest_route=%2Fwp%2Fv2%2Fcategories&post=5069"},{"taxonomy":"post_tag","embeddable":true,"href":"https:\/\/follereau.org\/index.php?rest_route=%2Fwp%2Fv2%2Ftags&post=5069"}],"curies":[{"name":"wp","href":"https:\/\/api.w.org\/{rel}","templated":true}]}}