{"id":4799,"date":"2023-10-11T10:08:23","date_gmt":"2023-10-11T08:08:23","guid":{"rendered":"https:\/\/follereau.org\/?p=4799"},"modified":"2023-10-13T21:37:58","modified_gmt":"2023-10-13T19:37:58","slug":"xx-spotkanie-niepelnosprawnych-dzieci-wszystkie-anioly-malej-ani","status":"publish","type":"post","link":"https:\/\/follereau.org\/?p=4799","title":{"rendered":"XX Spotkanie Niepe\u0142nosprawnych Dzieci &#8220;Wszystkie Anio\u0142y Ma\u0142ej Ani"},"content":{"rendered":"<p align=\"center\">Pod patronatem:<\/p>\n<p align=\"center\">Przewodnicz\u0105cego Komisji Episkopatu Polski ds. Misji<\/p>\n<p align=\"center\"><b>ks. bpa. Jana Piotrowskiego<\/b><\/p>\n<p align=\"center\">Biskupa Warszawsko Praskiego<\/p>\n<p align=\"center\"><b>ks. bpa Romualda Kami\u0144skiego<\/b><\/p>\n<p align=\"center\">Pe\u0142nomocnika Rz\u0105du ds. Os\u00f3b Niepe\u0142nosprawnych<\/p>\n<p align=\"center\"><b>Pana Ministra Paw\u0142a Wd\u00f3wika<\/b><\/p>\n<p align=\"center\">Rektora Uniwersytetu Kardyna\u0142a Stefana Wyszy\u0144skiego<\/p>\n<p align=\"center\"><b>ks. prof. Ryszarda Czekalskiego<\/b><\/p>\n<p align=\"center\"><span style=\"font-size: xx-large;\"><b>XX Spotkanie Niepe\u0142nosprawnych Dzieci i ich Rodzin<\/b><\/span><\/p>\n<p align=\"center\">\u201e<span style=\"font-size: xx-large;\"><b><i>Wszystkie Anio\u0142y Ma\u0142ej Ani<\/i>\u201d<\/b><\/span><\/p>\n<p align=\"center\"><span style=\"font-size: large;\"><b>ZAPROSZENIE<\/b><\/span><\/p>\n<p>Serdecznie zapraszamy do udzia\u0142u w jubileuszowym XX spotkaniu Niepe\u0142nosprawnych dzieci i ich rodzin, kt\u00f3re odb\u0119dzie si\u0119 w Szkole Podstawowej im. Kardyna\u0142a Stefana Wyszy\u0144skiego w Zielonce w niedziel\u0119 22 pa\u017adziernika 2023 r.<span style=\"color: #000000;\"><span style=\"font-family: Liberation Serif, serif;\">Jak co roku rozpoczynamy o godz. 11.00 msz\u0105 \u015bw, po kt\u00f3rej b\u0119dzie promocja do Misyjnego Apostolstwa Niepe\u0142nosprawnych Dzieci, wsp\u00f3lny posi\u0142ek, koncert, gry, konkursy oraz parad\u0105 niepe\u0142nosprawnych dzieci na ulicach miasta z fina\u0142owym apelem w parku miejskim przy ul. Kolejowej. Podczas spotkania wyst\u0105pi\u0105: Schola parafialna Adama Kude\u0142ki, zesp\u00f3\u0142 \u201eDrewutnia\u201d oraz orkiestra d\u0119ta z Pu\u0142tuska pod batut\u0105 kapelmistrza Andrzeja Kalinowskiego.Udzia\u0142 w spotkaniu jest bezp\u0142atny. Prosimy o potwierdzenie obecno\u015bci (liczba uczestnik\u00f3w i ewentualnie ich specyficzne potrzeby) <\/span><\/span><span style=\"color: #000000;\"><span style=\"font-family: Liberation Serif, serif;\">do 15 pa\u017adziernika br. <\/span><\/span><span style=\"color: #000000;\"><span style=\"font-family: Liberation Serif, serif;\">mailowo na adres: <a href=\"mailto:fundacja@szalata.pl\">fundacja@szalata.pl<\/a> lub telefonicznie 502067420.<\/span><\/span><\/p>\n<p align=\"justify\"><span style=\"color: #000000;\"><span style=\"font-family: Liberation Serif, serif;\"><span style=\"font-size: medium;\">Organizatorzy:<\/span><\/span><\/span><\/p>\n<p align=\"justify\"><span style=\"color: #000000;\"><span style=\"font-family: Liberation Serif, serif;\"><span style=\"font-size: medium;\">Fundacja Polska Raoula Follereau<\/span><\/span><\/span><\/p>\n<p align=\"justify\"><span style=\"color: #000000;\"><span style=\"font-family: Liberation Serif, serif;\"><span style=\"font-size: medium;\">Uniwersytet Otwarty UKSW<\/span><\/span><\/span><\/p>\n<p align=\"justify\"><span style=\"color: #000000;\"><span style=\"font-family: Liberation Serif, serif;\"><span style=\"font-size: medium;\">Szko\u0142a Podstawowa nr 4 w Zielonce<\/span><\/span><\/span><\/p>\n<p align=\"justify\"><span style=\"color: #000000;\"><span style=\"font-family: Liberation Serif, serif;\"><span style=\"font-size: medium;\">wolontariat Zespo\u0142u Szk\u00f3\u0142 im. Prezydenta Mo\u015bcickiego w Zielonce<\/span><\/span><\/span><\/p>\n<p align=\"justify\"><span style=\"color: #000000;\"><span style=\"font-family: Liberation Serif, serif;\"><span style=\"font-size: medium;\">58 Szczep Rosa Venti: ZHR<\/span><\/span><\/span><\/p>\n<p align=\"justify\"><span style=\"color: #000000;\"><span style=\"font-family: Liberation Serif, serif;\"><span style=\"font-size: medium;\">Miasto Zielonka<a href=\"https:\/\/follereau.org\/wp-content\/uploads\/2023\/10\/bp-Romuald.jpg\"><img decoding=\"async\" loading=\"lazy\" class=\"aligncenter size-medium wp-image-4802\" src=\"https:\/\/follereau.org\/wp-content\/uploads\/2023\/10\/bp-Romuald-212x300.jpg\" alt=\"\" width=\"212\" height=\"300\" srcset=\"https:\/\/follereau.org\/wp-content\/uploads\/2023\/10\/bp-Romuald-212x300.jpg 212w, https:\/\/follereau.org\/wp-content\/uploads\/2023\/10\/bp-Romuald-724x1024.jpg 724w, https:\/\/follereau.org\/wp-content\/uploads\/2023\/10\/bp-Romuald-149x210.jpg 149w, https:\/\/follereau.org\/wp-content\/uploads\/2023\/10\/bp-Romuald.jpg 826w\" sizes=\"(max-width: 212px) 100vw, 212px\" \/><\/a><\/span><\/span><\/span><a href=\"https:\/\/follereau.org\/wp-content\/uploads\/2023\/10\/zjazd-dzieci-plakat-2023_MALY-scaled.jpg\"><img decoding=\"async\" loading=\"lazy\" class=\"aligncenter size-medium wp-image-4800\" src=\"https:\/\/follereau.org\/wp-content\/uploads\/2023\/10\/zjazd-dzieci-plakat-2023_MALY-212x300.jpg\" alt=\"\" width=\"212\" height=\"300\" srcset=\"https:\/\/follereau.org\/wp-content\/uploads\/2023\/10\/zjazd-dzieci-plakat-2023_MALY-212x300.jpg 212w, https:\/\/follereau.org\/wp-content\/uploads\/2023\/10\/zjazd-dzieci-plakat-2023_MALY-724x1024.jpg 724w, https:\/\/follereau.org\/wp-content\/uploads\/2023\/10\/zjazd-dzieci-plakat-2023_MALY-1086x1536.jpg 1086w, https:\/\/follereau.org\/wp-content\/uploads\/2023\/10\/zjazd-dzieci-plakat-2023_MALY-1448x2048.jpg 1448w, https:\/\/follereau.org\/wp-content\/uploads\/2023\/10\/zjazd-dzieci-plakat-2023_MALY-149x210.jpg 149w, https:\/\/follereau.org\/wp-content\/uploads\/2023\/10\/zjazd-dzieci-plakat-2023_MALY-scaled.jpg 1811w\" sizes=\"(max-width: 212px) 100vw, 212px\" \/><\/a><\/p>\n","protected":false},"excerpt":{"rendered":"<p>Pod patronatem: Przewodnicz\u0105cego Komisji Episkopatu Polski ds. Misji ks. bpa. Jana Piotrowskiego Biskupa Warszawsko Praskiego ks. bpa Romualda Kami\u0144skiego Pe\u0142nomocnika Rz\u0105du ds. Os\u00f3b Niepe\u0142nosprawnych Pana Ministra Paw\u0142a Wd\u00f3wika Rektora Uniwersytetu &hellip; <a class=\"readmore\" href=\"https:\/\/follereau.org\/?p=4799\">Czytaj dalej&#8230;<\/a><\/p>\n","protected":false},"author":2,"featured_media":4800,"comment_status":"closed","ping_status":"closed","sticky":false,"template":"","format":"standard","meta":[],"categories":[3,4,8],"tags":[73,25,27,112,35,26,70],"_links":{"self":[{"href":"https:\/\/follereau.org\/index.php?rest_route=\/wp\/v2\/posts\/4799"}],"collection":[{"href":"https:\/\/follereau.org\/index.php?rest_route=\/wp\/v2\/posts"}],"about":[{"href":"https:\/\/follereau.org\/index.php?rest_route=\/wp\/v2\/types\/post"}],"author":[{"embeddable":true,"href":"https:\/\/follereau.org\/index.php?rest_route=\/wp\/v2\/users\/2"}],"replies":[{"embeddable":true,"href":"https:\/\/follereau.org\/index.php?rest_route=%2Fwp%2Fv2%2Fcomments&post=4799"}],"version-history":[{"count":2,"href":"https:\/\/follereau.org\/index.php?rest_route=\/wp\/v2\/posts\/4799\/revisions"}],"predecessor-version":[{"id":4803,"href":"https:\/\/follereau.org\/index.php?rest_route=\/wp\/v2\/posts\/4799\/revisions\/4803"}],"wp:featuredmedia":[{"embeddable":true,"href":"https:\/\/follereau.org\/index.php?rest_route=\/wp\/v2\/media\/4800"}],"wp:attachment":[{"href":"https:\/\/follereau.org\/index.php?rest_route=%2Fwp%2Fv2%2Fmedia&parent=4799"}],"wp:term":[{"taxonomy":"category","embeddable":true,"href":"https:\/\/follereau.org\/index.php?rest_route=%2Fwp%2Fv2%2Fcategories&post=4799"},{"taxonomy":"post_tag","embeddable":true,"href":"https:\/\/follereau.org\/index.php?rest_route=%2Fwp%2Fv2%2Ftags&post=4799"}],"curies":[{"name":"wp","href":"https:\/\/api.w.org\/{rel}","templated":true}]}}