{"id":4611,"date":"2022-06-12T23:04:26","date_gmt":"2022-06-12T21:04:26","guid":{"rendered":"http:\/\/follereau.org\/f\/?p=4611"},"modified":"2022-06-12T23:04:26","modified_gmt":"2022-06-12T21:04:26","slug":"italian-fashion-na-rzecz-ukrainy","status":"publish","type":"post","link":"https:\/\/follereau.org\/?p=4611","title":{"rendered":"Italian Fashion na rzecz Ukrainy"},"content":{"rendered":"<p>Obecna od lat na polskim rynku odzie\u017cowym firma Italian Fashion jest jednym z g\u0142\u00f3wnych partner\u00f3w naszej Misji Humanitarnej na rzecz ofiar wojny na Ukrainie. Wraz z w\u0142adzami miasta Trino zorganizowano kilka transport\u00f3w \u017cywno\u015bci, lek\u00f3w i ubra\u0144 zar\u00f3wno dla uchod\u017ac\u00f3w, kt\u00f3rzy znale\u017ali schronienie w Polsce, jak i tych, kt\u00f3rzy pozostali na terenach obj\u0119tych dzia\u0142aniami wojennymi. Cz\u0119\u015b\u0107 ostatniego transportu przekazali\u015bmy do \u0141ucka na Ukrainie oraz dla O\u015brodka Szkolno-Wychowawczego dla Dzieci Niewidomych im. R\u00f3\u017cy Czackiej w Laskach, gdzie r\u00f3wnie\u017c przebywaj\u0105 dzieci z Ukrainy.<a href=\"http:\/\/follereau.org\/wp-content\/uploads\/2022\/06\/It1.jpg\"><img decoding=\"async\" loading=\"lazy\" class=\"aligncenter size-medium wp-image-4612\" src=\"http:\/\/follereau.org\/wp-content\/uploads\/2022\/06\/It1-300x219.jpg\" alt=\"\" width=\"300\" height=\"219\" srcset=\"https:\/\/follereau.org\/wp-content\/uploads\/2022\/06\/It1-300x219.jpg 300w, https:\/\/follereau.org\/wp-content\/uploads\/2022\/06\/It1-1024x747.jpg 1024w, https:\/\/follereau.org\/wp-content\/uploads\/2022\/06\/It1-1536x1121.jpg 1536w, https:\/\/follereau.org\/wp-content\/uploads\/2022\/06\/It1-210x153.jpg 210w, https:\/\/follereau.org\/wp-content\/uploads\/2022\/06\/It1.jpg 2048w\" sizes=\"(max-width: 300px) 100vw, 300px\" \/><\/a> <a href=\"http:\/\/follereau.org\/wp-content\/uploads\/2022\/06\/it2.jpg\"><img decoding=\"async\" loading=\"lazy\" class=\"aligncenter size-medium wp-image-4613\" src=\"http:\/\/follereau.org\/wp-content\/uploads\/2022\/06\/it2-300x226.jpg\" alt=\"\" width=\"300\" height=\"226\" srcset=\"https:\/\/follereau.org\/wp-content\/uploads\/2022\/06\/it2-300x226.jpg 300w, https:\/\/follereau.org\/wp-content\/uploads\/2022\/06\/it2-1024x771.jpg 1024w, https:\/\/follereau.org\/wp-content\/uploads\/2022\/06\/it2-1536x1157.jpg 1536w, https:\/\/follereau.org\/wp-content\/uploads\/2022\/06\/it2-210x158.jpg 210w, https:\/\/follereau.org\/wp-content\/uploads\/2022\/06\/it2.jpg 2048w\" sizes=\"(max-width: 300px) 100vw, 300px\" \/><\/a><\/p>\n","protected":false},"excerpt":{"rendered":"<p>Obecna od lat na polskim rynku odzie\u017cowym firma Italian Fashion jest jednym z g\u0142\u00f3wnych partner\u00f3w naszej Misji Humanitarnej na rzecz ofiar wojny na Ukrainie. Wraz z w\u0142adzami miasta Trino zorganizowano &hellip; <a class=\"readmore\" href=\"https:\/\/follereau.org\/?p=4611\">Czytaj dalej&#8230;<\/a><\/p>\n","protected":false},"author":2,"featured_media":4613,"comment_status":"closed","ping_status":"closed","sticky":false,"template":"","format":"standard","meta":[],"categories":[4],"tags":[25,26,174,204],"_links":{"self":[{"href":"https:\/\/follereau.org\/index.php?rest_route=\/wp\/v2\/posts\/4611"}],"collection":[{"href":"https:\/\/follereau.org\/index.php?rest_route=\/wp\/v2\/posts"}],"about":[{"href":"https:\/\/follereau.org\/index.php?rest_route=\/wp\/v2\/types\/post"}],"author":[{"embeddable":true,"href":"https:\/\/follereau.org\/index.php?rest_route=\/wp\/v2\/users\/2"}],"replies":[{"embeddable":true,"href":"https:\/\/follereau.org\/index.php?rest_route=%2Fwp%2Fv2%2Fcomments&post=4611"}],"version-history":[{"count":1,"href":"https:\/\/follereau.org\/index.php?rest_route=\/wp\/v2\/posts\/4611\/revisions"}],"predecessor-version":[{"id":4614,"href":"https:\/\/follereau.org\/index.php?rest_route=\/wp\/v2\/posts\/4611\/revisions\/4614"}],"wp:featuredmedia":[{"embeddable":true,"href":"https:\/\/follereau.org\/index.php?rest_route=\/wp\/v2\/media\/4613"}],"wp:attachment":[{"href":"https:\/\/follereau.org\/index.php?rest_route=%2Fwp%2Fv2%2Fmedia&parent=4611"}],"wp:term":[{"taxonomy":"category","embeddable":true,"href":"https:\/\/follereau.org\/index.php?rest_route=%2Fwp%2Fv2%2Fcategories&post=4611"},{"taxonomy":"post_tag","embeddable":true,"href":"https:\/\/follereau.org\/index.php?rest_route=%2Fwp%2Fv2%2Ftags&post=4611"}],"curies":[{"name":"wp","href":"https:\/\/api.w.org\/{rel}","templated":true}]}}