{"id":4515,"date":"2021-08-13T22:37:31","date_gmt":"2021-08-13T20:37:31","guid":{"rendered":"http:\/\/follereau.org\/f\/?p=4515"},"modified":"2021-08-13T22:37:31","modified_gmt":"2021-08-13T20:37:31","slug":"zmarl-abp-henryk-hoser","status":"publish","type":"post","link":"https:\/\/follereau.org\/?p=4515","title":{"rendered":"Zmar\u0142 abp Henryk Hoser"},"content":{"rendered":"<div dir=\"auto\"><\/div>\n<div dir=\"auto\">Dzi\u015b dotar\u0142a do nas smutna wiadomo\u015b\u0107, &#8220;w godzinach wieczornych w wieku 78 lat zmar\u0142 abp Henryk Hoser SAC&#8221; Wielki Cz\u0142owiek, Kap\u0142an i Misjonarz. Przyjaciel naszej Fundacji. Mieli\u015bmy szcz\u0119\u015bcie go\u015bci\u0107 Ksi\u0119dza Arcybiskupa na naszych Festiwalach Misyjnych i Spotkaniach Misyjnego Apostolstwa Niepe\u0142nosprawnych Dzieci &#8220;Wszystkie Anio\u0142y Ma\u0142ej Ani&#8221; w Zielonce. Brali\u015bmy wsp\u00f3lnie udzia\u0142 w organizowanych z okazji \u015awiatowego Dnia Chorego spotkaniach z ma\u0142ymi pacjentami w Szpitalu Dzieci\u0119cym im. prof. Bogdanowicza w Warszawie. Ksi\u0105dz Arcybiskup by\u0142 dla mnie osobi\u015bcie wielkim autorytetem s\u0142u\u017c\u0105cym zawsze dobr\u0105 rad\u0105 i zach\u0119t\u0105 do pracy na rzecz misji. Kilka tygodni temu zaprosi\u0142 mnie na spotkanie w O\u0142tarzewie. Niestety dzie\u0144 p\u00f3\u017aniej zadzwoni\u0142 do mnie z informacj\u0105, \u017ce na razie spotkanie jest niemo\u017cliwe&#8230;<\/div>\n<div dir=\"auto\">Niech Dobry B\u00f3g, kt\u00f3remu odda\u0142 swoje \u017cycie, swoje liczne talenty przyjmie Go do Krainy \u017bycia Wiecznego. Niech spoczywa w Pokoju. Amen.<\/div>\n<div dir=\"auto\">Na stronie Prowincja Chrystusa Kr\u00f3la SAC czytamy:<\/div>\n<div dir=\"auto\">&#8220;Ksi\u0105dz Arcybiskup Henryk Hoser SAC urodzi\u0142 si\u0119 27 listopada 1942 roku w Warszawie, syn Janusza i Haliny z Zab\u0142o\u0144skich. W 1944 r., rodzina tymczasowo przenios\u0142a si\u0119 do Pruszkowa, gdzie ks. Henryk uko\u0144czy\u0142 szko\u0142\u0119 podstawow\u0105. Nast\u0119pnie uko\u0144czy\u0142 Liceum im. Tomasza Zana w Pruszkowie. Podj\u0105\u0142 studia na Akademii Medycznej, uzyskuj\u0105c \u2013 w 1966 r. \u2013 dyplom z medycyny. Po uko\u0144czeniu studi\u00f3w otrzyma\u0142 stanowisko asystenta na Akademii Medycznej.<\/div>\n<div dir=\"auto\">W roku 1968 wst\u0105pi\u0142 do Stowarzyszenia Apostolstwa Katolickiego (Ksi\u0119\u017ca Pallotyni), sk\u0142adaj\u0105c 8 wrze\u015bnia 1970 r. pierwsz\u0105 profesj\u0119 zakonn\u0105. W Wy\u017cszym Seminarium Duchownym w O\u0142tarzewie, jako alumn, by\u0142 wsp\u00f3\u0142tw\u00f3rc\u0105 Grupy Misyjnej, istniej\u0105cej nieprzerwanie do dnia dzisiejszego. W latach 1969-1974 odby\u0142 studia z filozofii i teologii w Wy\u017cszym Seminarium Stowarzyszenia Apostolstwa Katolickiego w O\u0142tarzewie. 16 czerwca 1974 r., otrzyma\u0142 \u015bwi\u0119cenia kap\u0142a\u0144skie z r\u0105k Ks. Bpa W\u0142adys\u0142awa Mizio\u0142ka.<\/div>\n<div dir=\"auto\">Pragn\u0105c wyjecha\u0107 na misje do Rwandy uda\u0142 si\u0119 do Pary\u017ca, gdzie jeszcze przez rok ucz\u0119szcza\u0142 na kurs kursy j\u0119zyka rwandyjskiego i medycyny tropikalnej. W latach 1975-1996 pracowa\u0142 jako misjonarz w Rwandzie, pe\u0142ni\u0105c najprzer\u00f3\u017cniejsze funkcje i stanowiska: duszpasterz, proboszcz, animator duszpasterstwa rodzinnego, organizator wielu sesji formacji apostolstwa \u015bwieckich, promotor apostolstwa s\u0142owa drukowanego. W 1978 r., za\u0142o\u017cy\u0142 w Kigali (Rwanda) O\u015brodek Medyczno-Socjalny, kt\u00f3rym kierowa\u0142 przez 17 lat oraz Centrum Formacji Rodzinnej (Action Familiale). Przez kilka lat pe\u0142ni\u0142 r\u00f3wnie\u017c funkcje Sekretarza Komisji Episkopatu ds. S\u0142u\u017cby Zdrowia, a nast\u0119pnie Komisji Episkopatu ds. Rodziny. Na kilka lat zosta\u0142 te\u017c wybrany Przewodnicz\u0105cym Zwi\u0105zku Stowarzyszonych O\u015brodk\u00f3w Medycznych w Kigali (BUFMAR), Kierownikiem Centrum Monitoringu Epidemii AIDS i programu opieki psycho-medycznej i socjalnej chorych na AIDS.<\/div>\n<div dir=\"auto\">Jako Pallotyn pe\u0142ni\u0142 przez kilka lat funkcj\u0119 Delegata Prowincja\u0142a Polskiej Prowincji Ksi\u0119\u017cy Pallotyn\u00f3w, a nast\u0119pnie przez 10 lat funkcj\u0119 Prze\u0142o\u017conego Regii Stowarzyszenia Apostolstwa Katolickiego, jak r\u00f3wnie\u017c Prze\u0142o\u017conego Konferencji Wy\u017cszych Prze\u0142o\u017conych Instytut\u00f3w Zakonnych i Stowarzysze\u0144 \u017bycia Konsekrowanego w Rwandze (COSUMA).<\/div>\n<div dir=\"auto\">W 1994 r., zosta\u0142 powo\u0142any jako ekspert w zakresie rodziny i rozwoju na Synod Specjalny Biskup\u00f3w dla Afryki.<\/div>\n<div dir=\"auto\">Po wojnie domowej w 1994 r. w Rwandzie, na czas nieobecno\u015bci Nuncjusza Apostolskiego, Stolica Apostolska mianowa\u0142a go Wizytatorem Apostolskim na Rwand\u0119. Posiadaj\u0105c prawa przys\u0142uguj\u0105ce Nuncjuszowi, Ks. Henryk Hoser wizytowa\u0142 diecezje, mianowa\u0142 administrator\u00f3w apostolskich na diecezje wakuj\u0105ce, pomaga\u0142 biskupom i kap\u0142anom organizowa\u0107 na nowo prac\u0119 duszpastersk\u0105.<\/div>\n<div dir=\"auto\">Ks. Hoser piastowa\u0142 swe stanowisko 2 lata (do 1996 r.), do czasu mianowania nowego Nuncjusza Apostolskiego w Rwandzie (zosta\u0142 nim Abp Juliusz Janusz), kt\u00f3ry przej\u0105\u0142 wszystkie zadania przedstawiciela Stolicy Apostolskiej. Ks. Hoser pozosta\u0142 jeszcze przez kilka miesi\u0119cy w Nuncjaturze, jako doradca i wsp\u00f3\u0142pracownik Nuncjusza. Po zako\u0144czeniu misji Wizytatora, Ks. Hoser wyjecha\u0142 z Rwandy.<\/div>\n<div dir=\"auto\">W latach 1996-2003 pe\u0142ni\u0142 funkcj\u0119 Prze\u0142o\u017conego Regii Stowarzyszenia Apostolstwa Katolickiego we Francji. Zosta\u0142 te\u017c wybrany cz\u0142onkiem Rady Misyjnej Konferencji Wy\u017cszych Prze\u0142o\u017conych Zakonnych we Francji. W tym te\u017c czasie z ramienia Kongregacji ds. Ewangelizacji Narod\u00f3w odby\u0142 kilka wizyt apostolskich w Wy\u017cszych Seminariach Duchownych na terenach misyjnych.<\/div>\n<div dir=\"auto\">Jest wsp\u00f3\u0142za\u0142o\u017cycielem i by\u0142 sekretarzem, powsta\u0142ej w 2001 r. Federacji Afryka\u0144skiej Akcji Rodzinnej (Action Familiale).<\/div>\n<div dir=\"auto\">W 2004 r., zosta\u0142 mianowany Rektorem Palloty\u0144skiej Prokury Misyjnej w Brukseli, w Belgii, podejmuj\u0105c te\u017c prac\u0119 duszpastersk\u0105 przy Wsp\u00f3lnocie Europejskiej.<\/div>\n<div dir=\"auto\">22 stycznia 2005 r., Ojciec \u015awi\u0119ty Jan Pawe\u0142 II zamianowa\u0142 go arcybiskupem i Sekretarzem Pomocniczym Kongregacji ds. Ewangelizacji Narod\u00f3w i Przewodnicz\u0105cym Papieskich Dzie\u0142 Misyjnych.<\/div>\n<div dir=\"auto\">Sakr\u0119 biskupi\u0105 przyj\u0105\u0142 19 marca 2005 roku z r\u0105k kard. Crescenzio Sepe (wsp\u00f3\u0142konsekruj\u0105cy: Abp Stanis\u0142aw Dziwisz i Abp Thadd\u00e9e Ntihinyurwa).<\/div>\n<div dir=\"auto\">Ks. Henryk Hoser jest pierwszym polskim pallotynem, kt\u00f3ry zosta\u0142 podniesiony do godno\u015bci arcybiskupa.<\/div>\n<div dir=\"auto\">24 maja 2008 papie\u017c Benedykt XVI mianowa\u0142 Ks. Abp. Hosera Biskupem Warszawsko-Praskim. Diecezj\u0119 obj\u0105\u0142 28 czerwca 2008 roku.<\/div>\n<div dir=\"auto\">W Episkopacie pe\u0142ni funkcj\u0119 przewodnicz\u0105cego Zespo\u0142u Ekspert\u00f3w ds. Bioetycznych KEP, jest te\u017c cz\u0142onkiem Komisji Duszpasterstwa i Rady ds. Rodziny KEP.<\/div>\n<div dir=\"auto\">Od 4 lipca 2009 r. jest konsultorem Kongregacji ds. Ewangelizacji Narod\u00f3w. W tym samym roku Benedykt XVI mianowa\u0142 Ksi\u0119dza Arcybiskupa uczestnikiem zgromadzenia specjalnego II Synodu dla Afryki.<\/div>\n<div dir=\"auto\">W 2017 papie\u017c Franciszek zleci\u0142 mu udanie si\u0119 do Medziugoria w charakterze specjalnego wys\u0142annika Stolicy Apostolskiej w celu rozpoznania sytuacji duszpasterskiej i potrzeb pielgrzym\u00f3w, a tak\u017ce wskazania ewentualnych inicjatyw duszpasterskich do podj\u0119cia w przysz\u0142o\u015bci. 31 maja 2018 zosta\u0142 mianowany przez papie\u017ca Franciszka wizytatorem apostolskim o charakterze specjalnym dla parafii w Medziugoriu. 22 lipca 2018 uroczyst\u0105 Eucharysti\u0105 zainaugurowa\u0142 pos\u0142ug\u0119 w Medziugoriu.<\/div>\n<div dir=\"auto\">Jego zawo\u0142anie biskupie brzmi: Maior est Deus (\u201eB\u00f3g jest wi\u0119kszy\u201d).&#8221;<\/div>\n<div dir=\"auto\"><a href=\"http:\/\/follereau.org\/wp-content\/uploads\/2021\/08\/anio\u0142y-2010-013--scaled.jpg\"><img decoding=\"async\" loading=\"lazy\" class=\"aligncenter size-medium wp-image-4516\" src=\"http:\/\/follereau.org\/wp-content\/uploads\/2021\/08\/anio\u0142y-2010-013--300x193.jpg\" alt=\"\" width=\"300\" height=\"193\" srcset=\"https:\/\/follereau.org\/wp-content\/uploads\/2021\/08\/anio\u0142y-2010-013--300x193.jpg 300w, https:\/\/follereau.org\/wp-content\/uploads\/2021\/08\/anio\u0142y-2010-013--1024x659.jpg 1024w, https:\/\/follereau.org\/wp-content\/uploads\/2021\/08\/anio\u0142y-2010-013--1536x988.jpg 1536w, https:\/\/follereau.org\/wp-content\/uploads\/2021\/08\/anio\u0142y-2010-013--2048x1317.jpg 2048w, https:\/\/follereau.org\/wp-content\/uploads\/2021\/08\/anio\u0142y-2010-013--210x135.jpg 210w\" sizes=\"(max-width: 300px) 100vw, 300px\" \/><\/a> <a href=\"http:\/\/follereau.org\/wp-content\/uploads\/2021\/08\/anio\u0142y-2010-085-scaled.jpg\"><img decoding=\"async\" loading=\"lazy\" class=\"aligncenter size-medium wp-image-4517\" src=\"http:\/\/follereau.org\/wp-content\/uploads\/2021\/08\/anio\u0142y-2010-085-300x200.jpg\" alt=\"\" width=\"300\" height=\"200\" srcset=\"https:\/\/follereau.org\/wp-content\/uploads\/2021\/08\/anio\u0142y-2010-085-300x200.jpg 300w, https:\/\/follereau.org\/wp-content\/uploads\/2021\/08\/anio\u0142y-2010-085-1024x683.jpg 1024w, https:\/\/follereau.org\/wp-content\/uploads\/2021\/08\/anio\u0142y-2010-085-1536x1024.jpg 1536w, https:\/\/follereau.org\/wp-content\/uploads\/2021\/08\/anio\u0142y-2010-085-2048x1365.jpg 2048w, https:\/\/follereau.org\/wp-content\/uploads\/2021\/08\/anio\u0142y-2010-085-210x140.jpg 210w\" sizes=\"(max-width: 300px) 100vw, 300px\" \/><\/a> <a href=\"http:\/\/follereau.org\/wp-content\/uploads\/2021\/08\/ma\u0142e-VIII-Festiwal-Misyjny-213-scaled.jpg\"><img decoding=\"async\" loading=\"lazy\" class=\"aligncenter size-medium wp-image-4518\" src=\"http:\/\/follereau.org\/wp-content\/uploads\/2021\/08\/ma\u0142e-VIII-Festiwal-Misyjny-213-300x194.jpg\" alt=\"\" width=\"300\" height=\"194\" srcset=\"https:\/\/follereau.org\/wp-content\/uploads\/2021\/08\/ma\u0142e-VIII-Festiwal-Misyjny-213-300x194.jpg 300w, https:\/\/follereau.org\/wp-content\/uploads\/2021\/08\/ma\u0142e-VIII-Festiwal-Misyjny-213-1024x661.jpg 1024w, https:\/\/follereau.org\/wp-content\/uploads\/2021\/08\/ma\u0142e-VIII-Festiwal-Misyjny-213-1536x992.jpg 1536w, https:\/\/follereau.org\/wp-content\/uploads\/2021\/08\/ma\u0142e-VIII-Festiwal-Misyjny-213-2048x1323.jpg 2048w, https:\/\/follereau.org\/wp-content\/uploads\/2021\/08\/ma\u0142e-VIII-Festiwal-Misyjny-213-210x136.jpg 210w\" sizes=\"(max-width: 300px) 100vw, 300px\" \/><\/a> <a href=\"http:\/\/follereau.org\/wp-content\/uploads\/2021\/08\/ma\u0142e-VIII-Festiwal-Misyjny-223-.jpg\"><img decoding=\"async\" loading=\"lazy\" class=\"aligncenter size-medium wp-image-4519\" src=\"http:\/\/follereau.org\/wp-content\/uploads\/2021\/08\/ma\u0142e-VIII-Festiwal-Misyjny-223--300x205.jpg\" alt=\"\" width=\"300\" height=\"205\" srcset=\"https:\/\/follereau.org\/wp-content\/uploads\/2021\/08\/ma\u0142e-VIII-Festiwal-Misyjny-223--300x205.jpg 300w, https:\/\/follereau.org\/wp-content\/uploads\/2021\/08\/ma\u0142e-VIII-Festiwal-Misyjny-223--1024x700.jpg 1024w, https:\/\/follereau.org\/wp-content\/uploads\/2021\/08\/ma\u0142e-VIII-Festiwal-Misyjny-223--1536x1051.jpg 1536w, https:\/\/follereau.org\/wp-content\/uploads\/2021\/08\/ma\u0142e-VIII-Festiwal-Misyjny-223--210x144.jpg 210w, https:\/\/follereau.org\/wp-content\/uploads\/2021\/08\/ma\u0142e-VIII-Festiwal-Misyjny-223-.jpg 1965w\" sizes=\"(max-width: 300px) 100vw, 300px\" \/><\/a> <a href=\"http:\/\/follereau.org\/wp-content\/uploads\/2021\/08\/VIII-Festiwal-Misyjny-170-scaled.jpg\"><img decoding=\"async\" loading=\"lazy\" class=\"aligncenter size-medium wp-image-4520\" src=\"http:\/\/follereau.org\/wp-content\/uploads\/2021\/08\/VIII-Festiwal-Misyjny-170-300x200.jpg\" alt=\"\" width=\"300\" height=\"200\" srcset=\"https:\/\/follereau.org\/wp-content\/uploads\/2021\/08\/VIII-Festiwal-Misyjny-170-300x200.jpg 300w, https:\/\/follereau.org\/wp-content\/uploads\/2021\/08\/VIII-Festiwal-Misyjny-170-1024x683.jpg 1024w, https:\/\/follereau.org\/wp-content\/uploads\/2021\/08\/VIII-Festiwal-Misyjny-170-1536x1024.jpg 1536w, https:\/\/follereau.org\/wp-content\/uploads\/2021\/08\/VIII-Festiwal-Misyjny-170-2048x1365.jpg 2048w, https:\/\/follereau.org\/wp-content\/uploads\/2021\/08\/VIII-Festiwal-Misyjny-170-210x140.jpg 210w\" sizes=\"(max-width: 300px) 100vw, 300px\" \/><\/a><\/div>\n","protected":false},"excerpt":{"rendered":"<p>Dzi\u015b dotar\u0142a do nas smutna wiadomo\u015b\u0107, &#8220;w godzinach wieczornych w wieku 78 lat zmar\u0142 abp Henryk Hoser SAC&#8221; Wielki Cz\u0142owiek, Kap\u0142an i Misjonarz. Przyjaciel naszej Fundacji. Mieli\u015bmy szcz\u0119\u015bcie go\u015bci\u0107 Ksi\u0119dza &hellip; <a class=\"readmore\" href=\"https:\/\/follereau.org\/?p=4515\">Czytaj dalej&#8230;<\/a><\/p>\n","protected":false},"author":2,"featured_media":4517,"comment_status":"closed","ping_status":"closed","sticky":false,"template":"","format":"standard","meta":[],"categories":[4],"tags":[55,89,25,259,75,33,112,13],"_links":{"self":[{"href":"https:\/\/follereau.org\/index.php?rest_route=\/wp\/v2\/posts\/4515"}],"collection":[{"href":"https:\/\/follereau.org\/index.php?rest_route=\/wp\/v2\/posts"}],"about":[{"href":"https:\/\/follereau.org\/index.php?rest_route=\/wp\/v2\/types\/post"}],"author":[{"embeddable":true,"href":"https:\/\/follereau.org\/index.php?rest_route=\/wp\/v2\/users\/2"}],"replies":[{"embeddable":true,"href":"https:\/\/follereau.org\/index.php?rest_route=%2Fwp%2Fv2%2Fcomments&post=4515"}],"version-history":[{"count":1,"href":"https:\/\/follereau.org\/index.php?rest_route=\/wp\/v2\/posts\/4515\/revisions"}],"predecessor-version":[{"id":4521,"href":"https:\/\/follereau.org\/index.php?rest_route=\/wp\/v2\/posts\/4515\/revisions\/4521"}],"wp:featuredmedia":[{"embeddable":true,"href":"https:\/\/follereau.org\/index.php?rest_route=\/wp\/v2\/media\/4517"}],"wp:attachment":[{"href":"https:\/\/follereau.org\/index.php?rest_route=%2Fwp%2Fv2%2Fmedia&parent=4515"}],"wp:term":[{"taxonomy":"category","embeddable":true,"href":"https:\/\/follereau.org\/index.php?rest_route=%2Fwp%2Fv2%2Fcategories&post=4515"},{"taxonomy":"post_tag","embeddable":true,"href":"https:\/\/follereau.org\/index.php?rest_route=%2Fwp%2Fv2%2Ftags&post=4515"}],"curies":[{"name":"wp","href":"https:\/\/api.w.org\/{rel}","templated":true}]}}