{"id":4477,"date":"2021-02-25T19:47:29","date_gmt":"2021-02-25T17:47:29","guid":{"rendered":"http:\/\/follereau.org\/f\/?p=4477"},"modified":"2021-02-25T19:48:21","modified_gmt":"2021-02-25T17:48:21","slug":"zmarl-ks-january-budzisz","status":"publish","type":"post","link":"https:\/\/follereau.org\/?p=4477","title":{"rendered":"Zmar\u0142 ks. January Budzisz"},"content":{"rendered":"<p>W szpitalu w Chojnicach zmar\u0142 nasz wspania\u0142y przyjaciel ks. January Budzisz, kt\u00f3ry przez kolejne lata odprawia\u0142 msz\u0119 \u015bw. gregoria\u0144sk\u0105 za ofiarodawc\u00f3w naszej Fundacji. By\u0142 osob\u0105 niezwykle skromn\u0105 urzekaj\u0105c\u0105 swoj\u0105 m\u0105dro\u015bci\u0105 i dobroci\u0105. Filozof i kap\u0142an szczerze szukaj\u0105cy prawdy. Potrafi\u0142 nie tylko naucza\u0107, ale przede wszystkim s\u0142ucha\u0107. Taki Sokrates oddany Chrystusowi. By\u0142 prawdziw\u0105 legend\u0105 Wydzia\u0142u Filozofii Akademii Teologii Katolickiej w Warszawie. Nie dba\u0142 o zaszczyty, ani tytu\u0142y naukowe przewy\u017cszaj\u0105c swoim autorytetem, wiedz\u0105 i m\u0105dro\u015bci\u0105 niejednego z profesor\u00f3w. Kiedy spotyka\u0142em moich przyjaci\u00f3\u0142 z dawnych lat, najcz\u0119\u015bciej pytali o ks. Budzisza. Nie spos\u00f3b zapomnie\u0107 jego wyk\u0142ad\u00f3w z historii filozofii nowo\u017cytnej i wsp\u00f3\u0142czesnej. Nasz\u0105 ostatni\u0105 rozmow\u0119 telefoniczn\u0105, kt\u00f3r\u0105 odbyli\u015bmy w styczniu zako\u0144czy\u0142: &#8220;Do zobaczenia Kaziu na tamtym \u015bwiecie&#8230;&#8221; Do zobaczenia. Niech Jezus Chrystus, kt\u00f3rego jak nikt inny potrafi\u0142e\u015b dostrzec w cz\u0142owieku ubogim, cierpi\u0105cym i szukaj\u0105cym \u015bwiat\u0142a nadziei przyjmie Ciebie Kap\u0142ana i Filozofa w Domu Swojego Ojca w Niebie.<\/p>\n<p><a href=\"http:\/\/follereau.org\/wp-content\/uploads\/2021\/02\/Budzisz.jpg\"><img decoding=\"async\" loading=\"lazy\" class=\"aligncenter size-medium wp-image-4478\" src=\"http:\/\/follereau.org\/wp-content\/uploads\/2021\/02\/Budzisz-300x200.jpg\" alt=\"\" width=\"300\" height=\"200\" srcset=\"https:\/\/follereau.org\/wp-content\/uploads\/2021\/02\/Budzisz-300x200.jpg 300w, https:\/\/follereau.org\/wp-content\/uploads\/2021\/02\/Budzisz-210x140.jpg 210w, https:\/\/follereau.org\/wp-content\/uploads\/2021\/02\/Budzisz.jpg 1024w\" sizes=\"(max-width: 300px) 100vw, 300px\" \/><\/a><\/p>\n","protected":false},"excerpt":{"rendered":"<p>W szpitalu w Chojnicach zmar\u0142 nasz wspania\u0142y przyjaciel ks. January Budzisz, kt\u00f3ry przez kolejne lata odprawia\u0142 msz\u0119 \u015bw. gregoria\u0144sk\u0105 za ofiarodawc\u00f3w naszej Fundacji. By\u0142 osob\u0105 niezwykle skromn\u0105 urzekaj\u0105c\u0105 swoj\u0105 m\u0105dro\u015bci\u0105 &hellip; <a class=\"readmore\" href=\"https:\/\/follereau.org\/?p=4477\">Czytaj dalej&#8230;<\/a><\/p>\n","protected":false},"author":2,"featured_media":4478,"comment_status":"closed","ping_status":"closed","sticky":false,"template":"","format":"standard","meta":[],"categories":[4],"tags":[25,255,50],"_links":{"self":[{"href":"https:\/\/follereau.org\/index.php?rest_route=\/wp\/v2\/posts\/4477"}],"collection":[{"href":"https:\/\/follereau.org\/index.php?rest_route=\/wp\/v2\/posts"}],"about":[{"href":"https:\/\/follereau.org\/index.php?rest_route=\/wp\/v2\/types\/post"}],"author":[{"embeddable":true,"href":"https:\/\/follereau.org\/index.php?rest_route=\/wp\/v2\/users\/2"}],"replies":[{"embeddable":true,"href":"https:\/\/follereau.org\/index.php?rest_route=%2Fwp%2Fv2%2Fcomments&post=4477"}],"version-history":[{"count":2,"href":"https:\/\/follereau.org\/index.php?rest_route=\/wp\/v2\/posts\/4477\/revisions"}],"predecessor-version":[{"id":4480,"href":"https:\/\/follereau.org\/index.php?rest_route=\/wp\/v2\/posts\/4477\/revisions\/4480"}],"wp:featuredmedia":[{"embeddable":true,"href":"https:\/\/follereau.org\/index.php?rest_route=\/wp\/v2\/media\/4478"}],"wp:attachment":[{"href":"https:\/\/follereau.org\/index.php?rest_route=%2Fwp%2Fv2%2Fmedia&parent=4477"}],"wp:term":[{"taxonomy":"category","embeddable":true,"href":"https:\/\/follereau.org\/index.php?rest_route=%2Fwp%2Fv2%2Fcategories&post=4477"},{"taxonomy":"post_tag","embeddable":true,"href":"https:\/\/follereau.org\/index.php?rest_route=%2Fwp%2Fv2%2Ftags&post=4477"}],"curies":[{"name":"wp","href":"https:\/\/api.w.org\/{rel}","templated":true}]}}