{"id":4104,"date":"2018-04-30T21:44:23","date_gmt":"2018-04-30T19:44:23","guid":{"rendered":"http:\/\/follereau.org\/f\/?p=4104"},"modified":"2018-04-30T21:44:23","modified_gmt":"2018-04-30T19:44:23","slug":"xvi-festiwal-misyjny","status":"publish","type":"post","link":"https:\/\/follereau.org\/?p=4104","title":{"rendered":"XVI Festiwal Misyjny"},"content":{"rendered":"<pre><span style=\"color: #0000ff;\"><strong>XVI Festiwal Misyjny odb\u0119dzie si\u0119 w niedziele 17 czerwca 2018 roku w Zielonce ko\u0142o Warszawy.<\/strong><\/span>\r\n\r\n<span style=\"color: #0000ff;\"><strong>Rozpoczynamy o godz. 13.00 uroczyst\u0105<a href=\"http:\/\/follereau.org\/wp-content\/uploads\/2017\/06\/IMG_4926.jpg\">\r\n<\/a> msz\u0105 \u015bw. w kosciele Matki Boskiej Cz\u0119stochowskiej. Po Mszy \u015bw. wielki koncert na Placu jana Paw\u0142a II.<\/strong><\/span>\r\n\r\n<span style=\"color: #0000ff;\"><strong>Wyst\u0105pi\u0105 miedzy innymi:<\/strong><\/span>\r\n\r\n<span style=\"color: #0000ff;\"><strong>Maleo Reggae Rockers<\/strong><\/span>\r\n\r\n<span style=\"color: #0000ff;\"><strong>Fragua<\/strong><\/span>\r\n\r\n<span style=\"color: #0000ff;\"><strong>Megitza<\/strong><\/span>\r\n\r\n<span style=\"color: #0000ff;\"><strong>Wkr\u00f3tce szczeg\u00f3\u0142owy program.\r\n<a href=\"http:\/\/follereau.org\/wp-content\/uploads\/2017\/06\/IMG_4926.jpg\"><img decoding=\"async\" loading=\"lazy\" class=\"aligncenter size-medium wp-image-3768\" src=\"http:\/\/follereau.org\/wp-content\/uploads\/2017\/06\/IMG_4926-300x200.jpg\" alt=\"\" width=\"300\" height=\"200\" srcset=\"https:\/\/follereau.org\/wp-content\/uploads\/2017\/06\/IMG_4926-300x200.jpg 300w, https:\/\/follereau.org\/wp-content\/uploads\/2017\/06\/IMG_4926-1024x683.jpg 1024w, https:\/\/follereau.org\/wp-content\/uploads\/2017\/06\/IMG_4926-210x140.jpg 210w\" sizes=\"(max-width: 300px) 100vw, 300px\" \/><\/a>\r\n<\/strong><\/span><\/pre>\n","protected":false},"excerpt":{"rendered":"<p>XVI Festiwal Misyjny odb\u0119dzie si\u0119 w niedziele 17 czerwca 2018 roku w Zielonce ko\u0142o Warszawy. Rozpoczynamy o godz. 13.00 uroczyst\u0105 msz\u0105 \u015bw. w kosciele Matki Boskiej Cz\u0119stochowskiej. Po Mszy \u015bw. &hellip; <a class=\"readmore\" href=\"https:\/\/follereau.org\/?p=4104\">Czytaj dalej&#8230;<\/a><\/p>\n","protected":false},"author":2,"featured_media":3768,"comment_status":"closed","ping_status":"closed","sticky":false,"template":"","format":"standard","meta":[],"categories":[3,6,4,8],"tags":[89,25,33,27],"_links":{"self":[{"href":"https:\/\/follereau.org\/index.php?rest_route=\/wp\/v2\/posts\/4104"}],"collection":[{"href":"https:\/\/follereau.org\/index.php?rest_route=\/wp\/v2\/posts"}],"about":[{"href":"https:\/\/follereau.org\/index.php?rest_route=\/wp\/v2\/types\/post"}],"author":[{"embeddable":true,"href":"https:\/\/follereau.org\/index.php?rest_route=\/wp\/v2\/users\/2"}],"replies":[{"embeddable":true,"href":"https:\/\/follereau.org\/index.php?rest_route=%2Fwp%2Fv2%2Fcomments&post=4104"}],"version-history":[{"count":2,"href":"https:\/\/follereau.org\/index.php?rest_route=\/wp\/v2\/posts\/4104\/revisions"}],"predecessor-version":[{"id":4106,"href":"https:\/\/follereau.org\/index.php?rest_route=\/wp\/v2\/posts\/4104\/revisions\/4106"}],"wp:featuredmedia":[{"embeddable":true,"href":"https:\/\/follereau.org\/index.php?rest_route=\/wp\/v2\/media\/3768"}],"wp:attachment":[{"href":"https:\/\/follereau.org\/index.php?rest_route=%2Fwp%2Fv2%2Fmedia&parent=4104"}],"wp:term":[{"taxonomy":"category","embeddable":true,"href":"https:\/\/follereau.org\/index.php?rest_route=%2Fwp%2Fv2%2Fcategories&post=4104"},{"taxonomy":"post_tag","embeddable":true,"href":"https:\/\/follereau.org\/index.php?rest_route=%2Fwp%2Fv2%2Ftags&post=4104"}],"curies":[{"name":"wp","href":"https:\/\/api.w.org\/{rel}","templated":true}]}}