{"id":3389,"date":"2016-02-14T12:52:37","date_gmt":"2016-02-14T10:52:37","guid":{"rendered":"http:\/\/follereau.org\/f\/?p=3389"},"modified":"2016-02-19T03:22:17","modified_gmt":"2016-02-19T01:22:17","slug":"swiatowy-dzien-chorego-2016","status":"publish","type":"post","link":"https:\/\/follereau.org\/?p=3389","title":{"rendered":"\u015awiatowy Dzie\u0144 Chorego 2016"},"content":{"rendered":"<p align=\"justify\"><span style=\"color: #000000;\">We czwartek 11 lutego br, Fundacja Polska Raoula Follereau we wsp\u00f3\u0142pracy z Uniwersytetem Otwartym UKSW, 58 Szczepem ZHR oraz Caritas zorganizowa\u0142a w szpitalu Dzieci\u0119cym im. prof. Jana Bogdanowicza w Warszawie uroczyste obchody \u015awiatowego Dnia Chorego. Spotkanie z udzia\u0142em <strong>Jego Ekscelencji ks. abpa Henryka Hosera<\/strong> rozpocz\u0119\u0142a uroczysta akademia zorganizowana w wype\u0142nionej przez chore dzieci \u015bwietlicy szpitalnej, kt\u00f3r\u0105 poprowadzi\u0142 <strong>dr Kazimierz Sza\u0142ata<\/strong>. Witaj\u0105c przyby\u0142ych na uroczysto\u015b\u0107 go\u015bci, dyrektor szpitala pani<strong> Ma\u0142gorzata Stachurska-Turos<\/strong> przypomnia\u0142a, \u017ce tradycja wsp\u00f3lnego organizowania \u015awiatowego Dnia Chorego w szpitalu przy Nie\u0142a\u0144skiej si\u0119ga pocz\u0105tk\u00f3w inicjatywy \u015awi\u0119tego Papie\u017ca Jana Paw\u0142a II, kt\u00f3ry \u015bwi\u0119to Matki Bo\u017cej z Lourdes po\u015bwi\u0119ci\u0142 ludziom chorym. Ks. Arcybiskup Henryk Hoser, kt\u00f3ry jest lekarzem i doskonale zna codzienno\u015b\u0107 szpitala z\u0142o\u017cy\u0142 chorym dzieciom \u017cyczenia szybkiego powrotu do zdrowia. Podczas koncertu znakomitych artyst\u00f3w zwi\u0105zanych z naszym dorocznym \u015bwi\u0119tem w szpitalu przy ul. Niek\u0142a\u0144skiej <strong>Darka Malejonka<\/strong>, <strong>Roberta Smoderka<\/strong> i <strong>Paw\u0142a Leszczy\u0144skiego<\/strong> druhny z <strong>58 Szczepu ZHR z Zielonki<\/strong> poprowadzi\u0142y dla dzieci gry, konkursy i zabawy z licznymi nagrodami. Jak co roku dzieci, kt\u00f3re wyrazi\u0142y ch\u0119\u0107 przyst\u0105pienia do Misyjnego Apostolstwa Chorych Dzieci wylosowa\u0142y dla siebie misjonarza, za kt\u00f3rego b\u0119d\u0105 si\u0119 modli\u0107 do ko\u0144ca pobytu w szpitalu. Spotkanie zako\u0144czy\u0142y wsp\u00f3lne odwiedziny ma\u0142ych pacjent\u00f3w pozostaj\u0105cych na oddzia\u0142ach szpitalnych. <a href=\"http:\/\/pandatv.pl\/swiatowy-dzien-chorego\/\" target=\"_blank\">Relacj\u0119 z tegorocznego spotkania z okazji \u015awiatowego Dnia Chorego przygotowa\u0142a Panda TV z UKSW. [LINK]<\/a><\/span><\/p>\n<p align=\"justify\"><a href=\"http:\/\/follereau.org\/wp-content\/uploads\/2016\/02\/IMG_5393.jpg\" rel=\"attachment wp-att-3390\"><img decoding=\"async\" loading=\"lazy\" class=\"aligncenter size-medium wp-image-3390\" src=\"http:\/\/follereau.org\/wp-content\/uploads\/2016\/02\/IMG_5393-300x200.jpg\" alt=\"IMG_5393\" width=\"300\" height=\"200\" srcset=\"https:\/\/follereau.org\/wp-content\/uploads\/2016\/02\/IMG_5393-300x200.jpg 300w, https:\/\/follereau.org\/wp-content\/uploads\/2016\/02\/IMG_5393-768x512.jpg 768w, https:\/\/follereau.org\/wp-content\/uploads\/2016\/02\/IMG_5393-1024x683.jpg 1024w, https:\/\/follereau.org\/wp-content\/uploads\/2016\/02\/IMG_5393-210x140.jpg 210w\" sizes=\"(max-width: 300px) 100vw, 300px\" \/><\/a> <a href=\"http:\/\/follereau.org\/wp-content\/uploads\/2016\/02\/IMG_5418.jpg\" rel=\"attachment wp-att-3391\"><img decoding=\"async\" loading=\"lazy\" class=\"aligncenter size-medium wp-image-3391\" src=\"http:\/\/follereau.org\/wp-content\/uploads\/2016\/02\/IMG_5418-300x202.jpg\" alt=\"IMG_5418\" width=\"300\" height=\"202\" srcset=\"https:\/\/follereau.org\/wp-content\/uploads\/2016\/02\/IMG_5418-300x202.jpg 300w, https:\/\/follereau.org\/wp-content\/uploads\/2016\/02\/IMG_5418-768x516.jpg 768w, https:\/\/follereau.org\/wp-content\/uploads\/2016\/02\/IMG_5418-1024x689.jpg 1024w, https:\/\/follereau.org\/wp-content\/uploads\/2016\/02\/IMG_5418-210x141.jpg 210w\" sizes=\"(max-width: 300px) 100vw, 300px\" \/><\/a> <a href=\"http:\/\/follereau.org\/wp-content\/uploads\/2016\/02\/IMG_5479.jpg\" rel=\"attachment wp-att-3392\"><img decoding=\"async\" loading=\"lazy\" class=\"aligncenter size-medium wp-image-3392\" src=\"http:\/\/follereau.org\/wp-content\/uploads\/2016\/02\/IMG_5479-300x200.jpg\" alt=\"IMG_5479\" width=\"300\" height=\"200\" srcset=\"https:\/\/follereau.org\/wp-content\/uploads\/2016\/02\/IMG_5479-300x200.jpg 300w, https:\/\/follereau.org\/wp-content\/uploads\/2016\/02\/IMG_5479-768x512.jpg 768w, https:\/\/follereau.org\/wp-content\/uploads\/2016\/02\/IMG_5479-1024x683.jpg 1024w, https:\/\/follereau.org\/wp-content\/uploads\/2016\/02\/IMG_5479-210x140.jpg 210w\" sizes=\"(max-width: 300px) 100vw, 300px\" \/><\/a> <a href=\"http:\/\/follereau.org\/wp-content\/uploads\/2016\/02\/IMG_5465.jpg\" rel=\"attachment wp-att-3393\"><img decoding=\"async\" loading=\"lazy\" class=\"aligncenter size-medium wp-image-3393\" src=\"http:\/\/follereau.org\/wp-content\/uploads\/2016\/02\/IMG_5465-300x200.jpg\" alt=\"IMG_5465\" width=\"300\" height=\"200\" srcset=\"https:\/\/follereau.org\/wp-content\/uploads\/2016\/02\/IMG_5465-300x200.jpg 300w, https:\/\/follereau.org\/wp-content\/uploads\/2016\/02\/IMG_5465-768x511.jpg 768w, https:\/\/follereau.org\/wp-content\/uploads\/2016\/02\/IMG_5465-1024x681.jpg 1024w, https:\/\/follereau.org\/wp-content\/uploads\/2016\/02\/IMG_5465-210x140.jpg 210w\" sizes=\"(max-width: 300px) 100vw, 300px\" \/><\/a> <a href=\"http:\/\/follereau.org\/wp-content\/uploads\/2016\/02\/IMG_5450.jpg\" rel=\"attachment wp-att-3394\"><img decoding=\"async\" loading=\"lazy\" class=\"aligncenter size-medium wp-image-3394\" src=\"http:\/\/follereau.org\/wp-content\/uploads\/2016\/02\/IMG_5450-300x200.jpg\" alt=\"IMG_5450\" width=\"300\" height=\"200\" srcset=\"https:\/\/follereau.org\/wp-content\/uploads\/2016\/02\/IMG_5450-300x200.jpg 300w, https:\/\/follereau.org\/wp-content\/uploads\/2016\/02\/IMG_5450-768x512.jpg 768w, https:\/\/follereau.org\/wp-content\/uploads\/2016\/02\/IMG_5450-1024x683.jpg 1024w, https:\/\/follereau.org\/wp-content\/uploads\/2016\/02\/IMG_5450-210x140.jpg 210w\" sizes=\"(max-width: 300px) 100vw, 300px\" \/><\/a> <a href=\"http:\/\/follereau.org\/wp-content\/uploads\/2016\/02\/IMG_5424.jpg\" rel=\"attachment wp-att-3395\"><img decoding=\"async\" loading=\"lazy\" class=\"aligncenter size-medium wp-image-3395\" src=\"http:\/\/follereau.org\/wp-content\/uploads\/2016\/02\/IMG_5424-300x196.jpg\" alt=\"IMG_5424\" width=\"300\" height=\"196\" srcset=\"https:\/\/follereau.org\/wp-content\/uploads\/2016\/02\/IMG_5424-300x196.jpg 300w, https:\/\/follereau.org\/wp-content\/uploads\/2016\/02\/IMG_5424-768x503.jpg 768w, https:\/\/follereau.org\/wp-content\/uploads\/2016\/02\/IMG_5424-1024x670.jpg 1024w, https:\/\/follereau.org\/wp-content\/uploads\/2016\/02\/IMG_5424-210x137.jpg 210w\" sizes=\"(max-width: 300px) 100vw, 300px\" \/><\/a> <a href=\"http:\/\/follereau.org\/wp-content\/uploads\/2016\/02\/IMG_5368.jpg\" rel=\"attachment wp-att-3396\"><img decoding=\"async\" loading=\"lazy\" class=\"aligncenter size-medium wp-image-3396\" src=\"http:\/\/follereau.org\/wp-content\/uploads\/2016\/02\/IMG_5368-300x200.jpg\" alt=\"IMG_5368\" width=\"300\" height=\"200\" srcset=\"https:\/\/follereau.org\/wp-content\/uploads\/2016\/02\/IMG_5368-300x200.jpg 300w, https:\/\/follereau.org\/wp-content\/uploads\/2016\/02\/IMG_5368-768x512.jpg 768w, https:\/\/follereau.org\/wp-content\/uploads\/2016\/02\/IMG_5368-1024x683.jpg 1024w, https:\/\/follereau.org\/wp-content\/uploads\/2016\/02\/IMG_5368-210x140.jpg 210w\" sizes=\"(max-width: 300px) 100vw, 300px\" \/><\/a><\/p>\n","protected":false},"excerpt":{"rendered":"<p>We czwartek 11 lutego br, Fundacja Polska Raoula Follereau we wsp\u00f3\u0142pracy z Uniwersytetem Otwartym UKSW, 58 Szczepem ZHR oraz Caritas zorganizowa\u0142a w szpitalu Dzieci\u0119cym im. prof. Jana Bogdanowicza w Warszawie &hellip; <a class=\"readmore\" href=\"https:\/\/follereau.org\/?p=3389\">Czytaj dalej&#8230;<\/a><\/p>\n","protected":false},"author":2,"featured_media":3392,"comment_status":"closed","ping_status":"closed","sticky":false,"template":"","format":"standard","meta":[],"categories":[3,189,4],"tags":[74,73,15,18,75,23,33,112,70,119,11],"_links":{"self":[{"href":"https:\/\/follereau.org\/index.php?rest_route=\/wp\/v2\/posts\/3389"}],"collection":[{"href":"https:\/\/follereau.org\/index.php?rest_route=\/wp\/v2\/posts"}],"about":[{"href":"https:\/\/follereau.org\/index.php?rest_route=\/wp\/v2\/types\/post"}],"author":[{"embeddable":true,"href":"https:\/\/follereau.org\/index.php?rest_route=\/wp\/v2\/users\/2"}],"replies":[{"embeddable":true,"href":"https:\/\/follereau.org\/index.php?rest_route=%2Fwp%2Fv2%2Fcomments&post=3389"}],"version-history":[{"count":6,"href":"https:\/\/follereau.org\/index.php?rest_route=\/wp\/v2\/posts\/3389\/revisions"}],"predecessor-version":[{"id":3405,"href":"https:\/\/follereau.org\/index.php?rest_route=\/wp\/v2\/posts\/3389\/revisions\/3405"}],"wp:featuredmedia":[{"embeddable":true,"href":"https:\/\/follereau.org\/index.php?rest_route=\/wp\/v2\/media\/3392"}],"wp:attachment":[{"href":"https:\/\/follereau.org\/index.php?rest_route=%2Fwp%2Fv2%2Fmedia&parent=3389"}],"wp:term":[{"taxonomy":"category","embeddable":true,"href":"https:\/\/follereau.org\/index.php?rest_route=%2Fwp%2Fv2%2Fcategories&post=3389"},{"taxonomy":"post_tag","embeddable":true,"href":"https:\/\/follereau.org\/index.php?rest_route=%2Fwp%2Fv2%2Ftags&post=3389"}],"curies":[{"name":"wp","href":"https:\/\/api.w.org\/{rel}","templated":true}]}}