{"id":3341,"date":"2015-12-13T23:30:11","date_gmt":"2015-12-13T21:30:11","guid":{"rendered":"http:\/\/follereau.org\/f\/?p=3341"},"modified":"2017-08-20T11:01:53","modified_gmt":"2017-08-20T09:01:53","slug":"list-z-burundi","status":"publish","type":"post","link":"https:\/\/follereau.org\/?p=3341","title":{"rendered":"List z Burundi"},"content":{"rendered":"<p style=\"text-align: justify;\">Drogi Panie Kazimierzu, serdecznie dzi\u0119kuj\u0119 za pi\u0119kn\u0105 gazetk\u0119, kt\u00f3ra daje pi\u0119kny obraz waszej dzia\u0142alno\u015bci i tak wielkiego zaanga\u017cowania aby pom\u00f3c szczeg\u00f3lnie tym, kt\u00f3rzy cz\u0119sto s\u0105 jakby zapomniani przez \u00a0wi\u0119kszo\u015b\u0107 ludzi wielkiego \u015bwiata polityki i biznesu. Zawsze mile sobie wspominam spotkanie w Zielonce na moim urlopie gdy by\u0142em w Polsce to chyba w roku 2013. W tym roku w maju, te\u017c by\u0142em na urlopie w Polsce, ale ze wzgl\u0119du na wizyty u dentysty i dwie pielgrzymki do Medjugorje, nie mog\u0142em by\u0107 z Wami w Zielonce na Festiwalu, ale dusz\u0105 i sercem jestem z Wami. Cz\u0119sto wspominam sobie Ma\u0142\u0105 Ani\u0119, anio\u0142a dobroci i wsp\u00f3\u0142czucia z drugim cz\u0142owiekiem. \u00a0Takich \u201eprorok\u00f3w \u201e potrzebujemy dzisiaj aby sumienia ludzi nie zasn\u0119\u0142y w komforcie luksusu, ale aby \u00a0szeroko otwar\u0142y si\u0119 \u00a0na potrzeby innych szczeg\u00f3lnie w tym \u015bwi\u0119tym Roku Mi\u0142osierdzia. Niech Dobry Samarytanin, sam<\/p>\n<p style=\"text-align: justify;\">Jezus Chrystus b\u0142ogos\u0142awi waszemu dzie\u0142u i niech Panu u\u017cyczy wiele promieni \u0142ask i b\u0142ogos\u0142awie\u0144stwa Bo\u017cego w tym pi\u0119knym dziele, jakim jest pomoc biednemu we wszelkiej biedzie, Niech zbli\u017caj\u0105ce si\u0119 \u015bwi\u0119ta Bo\u017cego Narodzenia, jak gwiazda Betlejemska rozja\u015bnia i prowadzi po Bo\u017cych drogach jego woli ca\u0142e wasze dzie\u0142o i b\u0119dzie pokojem jakiego nikt nie mo\u017ce da\u0107. Za to wszystko \u201e Chwa\u0142a na wysoko\u015bci Bogu, a na ziemi pok\u00f3j dobrym ludziom\u201d.<\/p>\n<p style=\"text-align: justify;\">Z misjonarskim b\u0142ogos\u0142awie\u0144stwem, <strong>O. J\u00f3zef Tryba\u0142a OCD misjonarz z Rwandy<\/strong>, z Butare, gdzie mam obowi\u0105zek prowadzi\u0107 naszych m\u0142odych w tajniki \u017cycia konsekrowanego, wed\u0142ug naszego charyzmatu\u00a0 i duchowo\u015bci karmelita\u0144skiej, na wz\u00f3r naszych \u015bwietych Karmelu, \u015bw. Teresy od Jezusa i \u015bw. Jana od Krzy\u017ca. Jak Pan \u017cniwa, Dobry Pasterz pozwoli to w czasie nast\u0119pnego urlopu w 2017 \u00a0postaram si\u0119 dojecha\u0107 do Zielonki, aby dzieli\u0107 si\u0119 z Wami darami jakimi sam B\u00f3g nas obdarza i posy\u0142a aby dzieli\u0107 si\u0119 z drugimi.<\/p>\n<p style=\"text-align: center;\"><a href=\"http:\/\/follereau.org\/wp-content\/uploads\/2015\/12\/o.-J.-Tryba\u0142a.jpg\"><img decoding=\"async\" loading=\"lazy\" class=\"aligncenter size-medium wp-image-3342\" src=\"http:\/\/follereau.org\/wp-content\/uploads\/2015\/12\/o.-J.-Tryba\u0142a-235x300.jpg\" alt=\"o. J. Tryba\u0142a\" width=\"235\" height=\"300\" srcset=\"https:\/\/follereau.org\/wp-content\/uploads\/2015\/12\/o.-J.-Tryba\u0142a-235x300.jpg 235w, https:\/\/follereau.org\/wp-content\/uploads\/2015\/12\/o.-J.-Tryba\u0142a-802x1024.jpg 802w, https:\/\/follereau.org\/wp-content\/uploads\/2015\/12\/o.-J.-Tryba\u0142a-164x210.jpg 164w\" sizes=\"(max-width: 235px) 100vw, 235px\" \/><\/a><\/p>\n","protected":false},"excerpt":{"rendered":"<p>Drogi Panie Kazimierzu, serdecznie dzi\u0119kuj\u0119 za pi\u0119kn\u0105 gazetk\u0119, kt\u00f3ra daje pi\u0119kny obraz waszej dzia\u0142alno\u015bci i tak wielkiego zaanga\u017cowania aby pom\u00f3c szczeg\u00f3lnie tym, kt\u00f3rzy cz\u0119sto s\u0105 jakby zapomniani przez \u00a0wi\u0119kszo\u015b\u0107 ludzi &hellip; <a class=\"readmore\" href=\"https:\/\/follereau.org\/?p=3341\">Czytaj dalej&#8230;<\/a><\/p>\n","protected":false},"author":2,"featured_media":3342,"comment_status":"closed","ping_status":"closed","sticky":false,"template":"","format":"standard","meta":[],"categories":[1],"tags":[37,200,89,25,198,75,33,199],"_links":{"self":[{"href":"https:\/\/follereau.org\/index.php?rest_route=\/wp\/v2\/posts\/3341"}],"collection":[{"href":"https:\/\/follereau.org\/index.php?rest_route=\/wp\/v2\/posts"}],"about":[{"href":"https:\/\/follereau.org\/index.php?rest_route=\/wp\/v2\/types\/post"}],"author":[{"embeddable":true,"href":"https:\/\/follereau.org\/index.php?rest_route=\/wp\/v2\/users\/2"}],"replies":[{"embeddable":true,"href":"https:\/\/follereau.org\/index.php?rest_route=%2Fwp%2Fv2%2Fcomments&post=3341"}],"version-history":[{"count":1,"href":"https:\/\/follereau.org\/index.php?rest_route=\/wp\/v2\/posts\/3341\/revisions"}],"predecessor-version":[{"id":3343,"href":"https:\/\/follereau.org\/index.php?rest_route=\/wp\/v2\/posts\/3341\/revisions\/3343"}],"wp:featuredmedia":[{"embeddable":true,"href":"https:\/\/follereau.org\/index.php?rest_route=\/wp\/v2\/media\/3342"}],"wp:attachment":[{"href":"https:\/\/follereau.org\/index.php?rest_route=%2Fwp%2Fv2%2Fmedia&parent=3341"}],"wp:term":[{"taxonomy":"category","embeddable":true,"href":"https:\/\/follereau.org\/index.php?rest_route=%2Fwp%2Fv2%2Fcategories&post=3341"},{"taxonomy":"post_tag","embeddable":true,"href":"https:\/\/follereau.org\/index.php?rest_route=%2Fwp%2Fv2%2Ftags&post=3341"}],"curies":[{"name":"wp","href":"https:\/\/api.w.org\/{rel}","templated":true}]}}