{"id":3228,"date":"2015-06-02T20:57:28","date_gmt":"2015-06-02T18:57:28","guid":{"rendered":"http:\/\/follereau.org\/f\/?p=3228"},"modified":"2017-08-20T11:09:51","modified_gmt":"2017-08-20T09:09:51","slug":"dr-kazimierz-szalata-autorem-karty-miedzynarodowej-unii-follereau","status":"publish","type":"post","link":"https:\/\/follereau.org\/?p=3228","title":{"rendered":"Dr Kazimierz Sza\u0142ata autorem Karty Mi\u0119dzynarodowej Unii Follereau"},"content":{"rendered":"<p style=\"text-align: justify;\">Podczas spotkania zarz\u0105du Unione Internationale des Associations Raoul Follereau, kt\u00f3re mia\u0142o miejsce pod koniec maja br. w Pary\u017cu,\u00a0<strong>dr Kazimierz Sza\u0142ata\u00a0<\/strong>zaprezentowa\u0142 projekt <strong><em>Karty Mi\u0119dzynarodowej Unii Stowarzysze\u0144 Raoula Follereau<\/em><\/strong>. Konsultantami realizowanego przez dra Sza\u0142at\u0119 przedsi\u0119wzi\u0119cia byli: dyrektor <em>R\u00e9seau Acad\u00e9mique International Francophone <\/em><strong>dr Jean Pierre Audoyer<\/strong> i dyrektor Instytutu Leon Harmel w Pary\u017cu <strong>dr Jean Soubrier<\/strong>.<\/p>\n<p style=\"text-align: justify;\">Potrzeba opracowania takiego dokumentu, kt\u00f3ry w spos\u00f3b zwi\u0119z\u0142y przedstawi podstawowe pryncypia przes\u0142ania Aposto\u0142a Mi\u0142osierdzia XX wieku, S\u0142ugi Bo\u017cego <strong>Raoula Follereau<\/strong> wynika z jednej strony z post\u0119puj\u0105cego procesu laicyzacji \u017cycia spo\u0142ecznego w krajach Europy Zachodniej, z drugiej za\u015b z gwa\u0142townej islamizacji misyjnych kraj\u00f3w Afryki i Bliskiego Wschodu. Dzia\u0142aj\u0105ce tam stowarzyszenia i fundacje nosz\u0105ce imi\u0119 wielkiego my\u015bliciela, podr\u00f3\u017cnika i misjonarza potrzebuj\u0105 jeszcze bardziej silnego zakorzenienia w ewangelicznym przes\u0142aniu mi\u0142o\u015bci do cz\u0142owieka, wyra\u017conym w podstawowych zasadach nauki spo\u0142ecznej Ko\u015bcio\u0142a, kt\u00f3rej nie zast\u0105pi \u017cadna \u015bwiecka akcja humanitarna. Przygotowany dokument, wpisuje si\u0119 w prac\u0119 zespo\u0142u dzia\u0142aj\u0105cego przy postulatorze procesu beatyfikacyjnego Raoula i Madelaine Follereau <strong>o. Bernarda Couronne ss.cc. <\/strong>Podczas zaplanowanego na koniec wrze\u015bnia br Mi\u0119dzynarodowego Kongresu Raoula Follereau w Paray le Moniale przygotowana <em>Karta<\/em> zostanie zaprezentowana przedstawicielom wszystkich instytucji skupionych w ruchu Follereau.<\/p>\n<p style=\"text-align: justify;\"><em>Powsta\u0142e z inspiracji francuskiego misjonarza Karola de Foucauld dzie\u0142o Follereau na rzecz rozwoju chrze\u015bcija\u0144skiej kultury Europy oraz pomocy najbiedniejszym mieszka\u0144com naszego globu znalaz\u0142o swoich kontynuator\u00f3w skupionych w licznych stowarzyszeniach i fundacjach rozsianych po ca\u0142ym \u015bwiecie. Bogata spu\u015bcizna literacka Raoula Follereau obejmuj\u0105ca sztuki teatralne, ksi\u0105\u017cki, artyku\u0142y, odezwy, wyk\u0142ady i konferencje zebrana przez Andr\u00e9 R\u00e9cipon obejmuje kilka tysi\u0119cy stron. U podstaw wszystkich wypowiedzi, le\u017cy prawda o Bo\u017cej mi\u0142o\u015bci do cz\u0142owieka. Do\u015bwiadczenie tej mi\u0142o\u015bci stanowi\u0142o dla inicjatora \u015awiatowego Dnia Pokoju i \u015awiatowego Dnia Tr\u0119dowatych \u017ar\u00f3d\u0142o inspiracji, z kt\u00f3rej zrodzi\u0142o si\u0119 wielkie, \u015bwiatowe dzie\u0142o pomocy na rzecz tr\u0119dowatych i tych, kt\u00f3rymi \u201ecywilizowany\u201d \u015bwiat nie chce si\u0119 zajmowa\u0107. Wyst\u0119puj\u0105c w teatrach, ko\u015bcio\u0142ach i na uniwersytetach nieustannie napomina\u0142, pi\u0119tnowa\u0142, zach\u0119ca\u0142 budz\u0105c ludzkie sumienia. Mia\u0142 odwag\u0119 upomina\u0107 nawet wielkich tego \u015bwiata. G\u0142osz\u0105c swoje przes\u0142anie o godno\u015bci osoby ludzkiej 32 razy objecha\u0142 kul\u0119 ziemsk\u0105. Niestety nie m\u00f3g\u0142 przyjecha\u0107 do Europy Wschodniej, poniewa\u017c nigdy nie otrzyma\u0142 pozwolenia na przekroczenie \u201e\u017celaznej kurtyny\u201d.<\/em><\/p>\n<p style=\"text-align: justify;\">Na zdj\u0119ciach poni\u017cej:<\/p>\n<p>1. Zesp\u00f3\u0142 przy postulatorze procesu beatyfikacyjnego Raoula i Madelaine Follereau. Od lewej: dyr. Alain Morisot, Yvon Pin\u00e7on, o. Bernard Courronne (postulator), mec. Xavier Delsol (przewodnicz\u0105cy Zespo\u0142u), Michel R\u00e9cipon, dr Kazimierz Sza\u0142ata i R\u00e9gis Bernon.<\/p>\n<p style=\"text-align: justify;\"><a href=\"http:\/\/follereau.org\/wp-content\/uploads\/2015\/06\/zdj.2-Mouvement.jpg\"><img decoding=\"async\" loading=\"lazy\" class=\"aligncenter size-medium wp-image-3230\" src=\"http:\/\/follereau.org\/wp-content\/uploads\/2015\/06\/zdj.2-Mouvement-300x179.jpg\" alt=\"zdj.2 Mouvement\" width=\"300\" height=\"179\" srcset=\"https:\/\/follereau.org\/wp-content\/uploads\/2015\/06\/zdj.2-Mouvement-300x179.jpg 300w, https:\/\/follereau.org\/wp-content\/uploads\/2015\/06\/zdj.2-Mouvement-1024x611.jpg 1024w, https:\/\/follereau.org\/wp-content\/uploads\/2015\/06\/zdj.2-Mouvement-210x125.jpg 210w\" sizes=\"(max-width: 300px) 100vw, 300px\" \/><\/a><\/p>\n<p style=\"text-align: justify;\">2. Zarz\u0105d UIARF. Od lewej: Guido Barbera ( W\u0142ochy), Jos\u00e9 Luis Diez Magro (Hiszpania), Michel R\u00e9cipon (Prezydent UIARF, Francja), Coty Ibrahiman Diakit\u00e9 (Wybrze\u017ce Ko\u015bci S\u0142oniowej), Jacques Ouandaogo (Burkina Faso), dr Kazimierz Sza\u0142ata (Fundator UIARF, Polska).<\/p>\n<p style=\"text-align: justify;\"><a href=\"http:\/\/follereau.org\/wp-content\/uploads\/2015\/06\/zdj.1-Zarz\u0105d-UIARF-2015.jpg\"><img decoding=\"async\" loading=\"lazy\" class=\"aligncenter size-medium wp-image-3231\" src=\"http:\/\/follereau.org\/wp-content\/uploads\/2015\/06\/zdj.1-Zarz\u0105d-UIARF-2015-300x185.jpg\" alt=\"zdj.1 Zarz\u0105d UIARF 2015\" width=\"300\" height=\"185\" srcset=\"https:\/\/follereau.org\/wp-content\/uploads\/2015\/06\/zdj.1-Zarz\u0105d-UIARF-2015-300x185.jpg 300w, https:\/\/follereau.org\/wp-content\/uploads\/2015\/06\/zdj.1-Zarz\u0105d-UIARF-2015-1024x633.jpg 1024w, https:\/\/follereau.org\/wp-content\/uploads\/2015\/06\/zdj.1-Zarz\u0105d-UIARF-2015-210x129.jpg 210w\" sizes=\"(max-width: 300px) 100vw, 300px\" \/><\/a><\/p>\n<p>&nbsp;<\/p>\n","protected":false},"excerpt":{"rendered":"<p>Podczas spotkania zarz\u0105du Unione Internationale des Associations Raoul Follereau, kt\u00f3re mia\u0142o miejsce pod koniec maja br. w Pary\u017cu,\u00a0dr Kazimierz Sza\u0142ata\u00a0zaprezentowa\u0142 projekt Karty Mi\u0119dzynarodowej Unii Stowarzysze\u0144 Raoula Follereau. Konsultantami realizowanego przez &hellip; <a class=\"readmore\" href=\"https:\/\/follereau.org\/?p=3228\">Czytaj dalej&#8230;<\/a><\/p>\n","protected":false},"author":2,"featured_media":3578,"comment_status":"closed","ping_status":"closed","sticky":false,"template":"","format":"standard","meta":[],"categories":[3,4],"tags":[109,25,75,33,70],"_links":{"self":[{"href":"https:\/\/follereau.org\/index.php?rest_route=\/wp\/v2\/posts\/3228"}],"collection":[{"href":"https:\/\/follereau.org\/index.php?rest_route=\/wp\/v2\/posts"}],"about":[{"href":"https:\/\/follereau.org\/index.php?rest_route=\/wp\/v2\/types\/post"}],"author":[{"embeddable":true,"href":"https:\/\/follereau.org\/index.php?rest_route=\/wp\/v2\/users\/2"}],"replies":[{"embeddable":true,"href":"https:\/\/follereau.org\/index.php?rest_route=%2Fwp%2Fv2%2Fcomments&post=3228"}],"version-history":[{"count":3,"href":"https:\/\/follereau.org\/index.php?rest_route=\/wp\/v2\/posts\/3228\/revisions"}],"predecessor-version":[{"id":3892,"href":"https:\/\/follereau.org\/index.php?rest_route=\/wp\/v2\/posts\/3228\/revisions\/3892"}],"wp:featuredmedia":[{"embeddable":true,"href":"https:\/\/follereau.org\/index.php?rest_route=\/wp\/v2\/media\/3578"}],"wp:attachment":[{"href":"https:\/\/follereau.org\/index.php?rest_route=%2Fwp%2Fv2%2Fmedia&parent=3228"}],"wp:term":[{"taxonomy":"category","embeddable":true,"href":"https:\/\/follereau.org\/index.php?rest_route=%2Fwp%2Fv2%2Fcategories&post=3228"},{"taxonomy":"post_tag","embeddable":true,"href":"https:\/\/follereau.org\/index.php?rest_route=%2Fwp%2Fv2%2Ftags&post=3228"}],"curies":[{"name":"wp","href":"https:\/\/api.w.org\/{rel}","templated":true}]}}