{"id":2556,"date":"2013-06-14T11:20:23","date_gmt":"2013-06-14T10:20:23","guid":{"rendered":"http:\/\/follereau.org\/f\/?p=2556"},"modified":"2013-06-14T11:20:23","modified_gmt":"2013-06-14T10:20:23","slug":"xi-festiwal-misyjny-bog-mnie-kocha","status":"publish","type":"post","link":"https:\/\/follereau.org\/?p=2556","title":{"rendered":"XI Festiwal Misyjny &#8220;B\u00f3g mnie kocha&#8221;"},"content":{"rendered":"<p><span style=\"color: #222222;\"><span style=\"font-family: 'Times New Roman', serif;\"><span style=\"font-size: small;\"><strong>Pod patronatem Komisji Episkopatu Polski ds Misji<\/strong><\/span><\/span><\/span><\/p>\n<p><span style=\"color: #222222;\"><span style=\"font-family: 'Times New Roman', serif;\"><span style=\"font-size: small;\"><strong>XI Festiwal Misyjny \u201eB\u00f3g mnie kocha\u201d<\/strong><\/span><\/span><\/span><\/p>\n<p style=\"text-align: justify;\"><span style=\"color: #222222;\"><span style=\"font-family: 'Times New Roman', serif;\"><span style=\"font-size: small;\">W niedziel\u0119 23 czerwca w Zielonce ko\u0142o Warszawy odb\u0119dzie si\u0119  organizowany przez Fundacj\u0119 Polsk\u0105 Raoula Follereau <strong>XI Festiwal Misyjny \u201eB\u00f3g mnie kocha\u201d.<\/strong> Jest to doroczne \u015bwi\u0119to misjonarzy i ich dobroczy\u0144c\u00f3w, przy kt\u00f3rym wyros\u0142o Misyjne Apostolstwo Niepe\u0142nosprawnych dzieci ma\u0142ej Ani z Zielonki. Spotkanie rozpoczyna si\u0119 o godz. 13.00 uroczyst\u0105 Msz\u0105 \u015bw. w ko\u015bciele Matki Boskiej Cz\u0119stochowskiej.  Po Mszy \u015bw. odb\u0119dzie si\u0119 fina\u0142owy koncert w czasie kt\u00f3rego wyst\u0105pi\u0105 mi\u0119dzy innymi: g\u00f3ralski Zesp\u00f3\u0142 <strong>Zbyrcok<\/strong>, <strong>Mi\u0119dzynarodowy Ch\u00f3r Afryka\u0144ski z katedry w Evry<\/strong> oraz znany zesp\u00f3\u0142 \u201e<strong>Raz dwa trzy<\/strong>\u201d. Jak co roku przez ca\u0142y dzie\u0144 czynne b\u0119d\u0105 b\u0119d\u0105 stoiska misyjne oraz harcerska kawiarnia ze s\u0142ynn\u0105 zup\u0105 z krokodyla. Podczas Festiwalu zostanie wr\u0119czona doroczna nagroda im. Ma\u0142ej Ani z Zielonki przyznawana za wybitne osi\u0105gni\u0119cia w upowszechnianiu warto\u015bci kultury chrze\u015bcija\u0144skiej w\u015br\u00f3d dzieci i m\u0142odzie\u017cy. <\/span><\/span><\/span><\/p>\n<p><span style=\"color: #222222;\"><span style=\"font-family: 'Times New Roman', serif;\"><span style=\"font-size: small;\">Zach\u0119camy do udzia\u0142u w tym niecodziennym spotkaniu wype\u0142nionym modlitw\u0105 i dobr\u0105 rodzinn\u0105 zabaw\u0105.\n\t\t<style type=\"text\/css\">\n\t\t\t#gallery-1 {\n\t\t\t\tmargin: auto;\n\t\t\t}\n\t\t\t#gallery-1 .gallery-item {\n\t\t\t\tfloat: left;\n\t\t\t\tmargin-top: 10px;\n\t\t\t\ttext-align: center;\n\t\t\t\twidth: 50%;\n\t\t\t}\n\t\t\t#gallery-1 img {\n\t\t\t\tborder: 2px solid #cfcfcf;\n\t\t\t}\n\t\t\t#gallery-1 .gallery-caption {\n\t\t\t\tmargin-left: 0;\n\t\t\t}\n\t\t\t\/* see gallery_shortcode() in wp-includes\/media.php *\/\n\t\t<\/style>\n\t\t<div id='gallery-1' class='gallery galleryid-2556 gallery-columns-2 gallery-size-thumbnail'><dl class='gallery-item'>\n\t\t\t<dt class='gallery-icon portrait'>\n\t\t\t\t<a href='https:\/\/follereau.org\/wp-content\/uploads\/2013\/06\/plakat-festtiwal-1.png'><img width=\"150\" height=\"150\" src=\"https:\/\/follereau.org\/wp-content\/uploads\/2013\/06\/plakat-festtiwal-1-150x150.png\" class=\"attachment-thumbnail size-thumbnail\" alt=\"\" decoding=\"async\" loading=\"lazy\" srcset=\"https:\/\/follereau.org\/wp-content\/uploads\/2013\/06\/plakat-festtiwal-1-150x150.png 150w, https:\/\/follereau.org\/wp-content\/uploads\/2013\/06\/plakat-festtiwal-1-210x210.png 210w\" sizes=\"(max-width: 150px) 100vw, 150px\" \/><\/a>\n\t\t\t<\/dt><\/dl><dl class='gallery-item'>\n\t\t\t<dt class='gallery-icon portrait'>\n\t\t\t\t<a href='https:\/\/follereau.org\/wp-content\/uploads\/2013\/06\/list-Hosera-na-Festiwal.jpg-.jpg'><img width=\"150\" height=\"150\" src=\"https:\/\/follereau.org\/wp-content\/uploads\/2013\/06\/list-Hosera-na-Festiwal.jpg--150x150.jpg\" class=\"attachment-thumbnail size-thumbnail\" alt=\"\" decoding=\"async\" loading=\"lazy\" srcset=\"https:\/\/follereau.org\/wp-content\/uploads\/2013\/06\/list-Hosera-na-Festiwal.jpg--150x150.jpg 150w, https:\/\/follereau.org\/wp-content\/uploads\/2013\/06\/list-Hosera-na-Festiwal.jpg--210x210.jpg 210w\" sizes=\"(max-width: 150px) 100vw, 150px\" \/><\/a>\n\t\t\t<\/dt><\/dl><br style=\"clear: both\" \/>\n\t\t<\/div>\n<\/p>\n<p><\/span><\/span><\/span><\/p>\n<p>&nbsp;<\/p>\n","protected":false},"excerpt":{"rendered":"<p>Pod patronatem Komisji Episkopatu Polski ds Misji XI Festiwal Misyjny \u201eB\u00f3g mnie kocha\u201d W niedziel\u0119 23 czerwca w Zielonce ko\u0142o Warszawy odb\u0119dzie si\u0119 organizowany przez Fundacj\u0119 Polsk\u0105 Raoula Follereau XI &hellip; <a class=\"readmore\" href=\"https:\/\/follereau.org\/?p=2556\">Czytaj dalej&#8230;<\/a><\/p>\n","protected":false},"author":2,"featured_media":0,"comment_status":"closed","ping_status":"closed","sticky":false,"template":"","format":"standard","meta":[],"categories":[3,6,4,8],"tags":[74,73,89,25,33,38,26,16,11,34],"_links":{"self":[{"href":"https:\/\/follereau.org\/index.php?rest_route=\/wp\/v2\/posts\/2556"}],"collection":[{"href":"https:\/\/follereau.org\/index.php?rest_route=\/wp\/v2\/posts"}],"about":[{"href":"https:\/\/follereau.org\/index.php?rest_route=\/wp\/v2\/types\/post"}],"author":[{"embeddable":true,"href":"https:\/\/follereau.org\/index.php?rest_route=\/wp\/v2\/users\/2"}],"replies":[{"embeddable":true,"href":"https:\/\/follereau.org\/index.php?rest_route=%2Fwp%2Fv2%2Fcomments&post=2556"}],"version-history":[{"count":3,"href":"https:\/\/follereau.org\/index.php?rest_route=\/wp\/v2\/posts\/2556\/revisions"}],"predecessor-version":[{"id":2561,"href":"https:\/\/follereau.org\/index.php?rest_route=\/wp\/v2\/posts\/2556\/revisions\/2561"}],"wp:attachment":[{"href":"https:\/\/follereau.org\/index.php?rest_route=%2Fwp%2Fv2%2Fmedia&parent=2556"}],"wp:term":[{"taxonomy":"category","embeddable":true,"href":"https:\/\/follereau.org\/index.php?rest_route=%2Fwp%2Fv2%2Fcategories&post=2556"},{"taxonomy":"post_tag","embeddable":true,"href":"https:\/\/follereau.org\/index.php?rest_route=%2Fwp%2Fv2%2Ftags&post=2556"}],"curies":[{"name":"wp","href":"https:\/\/api.w.org\/{rel}","templated":true}]}}