{"id":2509,"date":"2013-04-28T09:17:03","date_gmt":"2013-04-28T08:17:03","guid":{"rendered":"http:\/\/follereau.org\/f\/?p=2509"},"modified":"2013-06-01T14:10:52","modified_gmt":"2013-06-01T13:10:52","slug":"konkurs-dzieci-pisza-listy-do-chorych-rozstrzygniety-2","status":"publish","type":"post","link":"https:\/\/follereau.org\/?p=2509","title":{"rendered":"Konkurs  &#8220;Dzieci pisz\u0105 listy do chorych&#8221; rozstrzygni\u0119ty"},"content":{"rendered":"<p style=\"text-align: justify;\"><span style=\"font-size: medium; text-align: justify; font-style: normal;\">Rozstrzygni\u0119ty zosta\u0142 doroczny konkurs <\/span><em style=\"font-size: medium; text-align: justify;\">Dzieci pisz\u0105 listy do chorych<\/em><span style=\"font-size: medium; text-align: justify; font-style: normal;\"> organizowany przez Fundacj\u0119 Polsk\u0105 Raoula Follereau i Misyjne Apostolstwo Niepe\u0142nosprawnych Dzieci pod medialnym patronatem Tygodnika Niedziela. W tym roku przyznano dwie nagrody i cztery wyr\u00f3\u017cnienia.\u00a0Nades\u0142ane listy i prace plastyczne zosta\u0142y przekazane dla pacjent\u00f3w Szpitala Dzieci\u0119cego im. prof. Bogdanowicza w Warszawie.<\/span><\/p>\n<p><strong><span style=\"color: #000000;\"><span style=\"font-family: Georgia, 'Times New Roman', 'Bitstream Charter', Times, serif;\"><span style=\"font-size: medium;\">Nagrody w postaci tablet\u00f3w otrzyma\u0142y:<\/span><\/span><\/span><\/strong><\/p>\n<ul>\n<li><strong><span style=\"color: #000000;\"><span style=\"font-family: Georgia, 'Times New Roman', 'Bitstream Charter', Times, serif;\"><span style=\"font-size: medium;\">Izabela \tP\u0142oszy\u0144ska<\/span><\/span><\/span><\/strong><span style=\"color: #000000;\"><span style=\"font-family: Georgia, 'Times New Roman', 'Bitstream Charter', Times, serif;\"><span style=\"font-size: medium;\"> i <\/span><\/span><\/span><strong><span style=\"color: #000000;\"><span style=\"font-family: Georgia, 'Times New Roman', 'Bitstream Charter', Times, serif;\"><span style=\"font-size: medium;\">Oliwia \tRadzik<\/span><\/span><\/span><\/strong><span style=\"color: #000000;\"><span style=\"font-family: Georgia, 'Times New Roman', 'Bitstream Charter', Times, serif;\"><span style=\"font-size: medium;\"> z \tO\u015brodka Wsparcia Fundacji Dom Dzieci Benjamin w Lublinie. <\/span><\/span><\/span><\/li>\n<li><strong><span style=\"color: #000000;\"><span style=\"font-family: Georgia, 'Times New Roman', 'Bitstream Charter', Times, serif;\"><span style=\"font-size: medium;\">Natalia Oleksy<\/span><\/span><\/span><\/strong><span style=\"color: #000000;\"><span style=\"font-family: Georgia, 'Times New Roman', 'Bitstream Charter', Times, serif;\"><span style=\"font-size: medium;\"> ze \tSzko\u0142y Podstawowej im. Zaruskiego w Szczecinie. <\/span><\/span><\/span><span style=\"color: #000000;\"><span style=\"font-family: Georgia, 'Times New Roman', 'Bitstream Charter', Times, serif;\"><span style=\"font-size: x-small;\"> <\/span><\/span><\/span><span style=\"color: #000000;\"><span style=\"font-family: Georgia, 'Times New Roman', 'Bitstream Charter', Times, serif;\"><span style=\"font-size: medium;\"><br \/>\n<\/span><\/span><\/span>&nbsp;<\/p>\n<p><span style=\"color: #000000;\"><span style=\"font-family: Georgia, 'Times New Roman', 'Bitstream Charter', Times, serif;\"><span style=\"font-size: medium;\">Wyr\u00f3\u017cniono \ttak\u017ce prace:<\/span><\/span><\/span><\/li>\n<li><span style=\"color: #000000;\"><span style=\"font-family: Georgia, 'Times New Roman', 'Bitstream Charter', Times, serif;\"><span style=\"font-size: medium;\">Uczni\u00f3w \ts. Zofii Kwas ze Szko\u0142y podstawowej im. Adama Mickiewicza w \tSzyd\u0142owie ko\u0142o \u0141odzi<\/span><\/span><\/span><\/li>\n<li><span style=\"color: #000000;\"><span style=\"font-family: Georgia, 'Times New Roman', 'Bitstream Charter', Times, serif;\"><span style=\"font-size: medium;\">Rodzin\u0119 \tpa\u0144stwa W\u00f3jcickich z Jakubowa za wielkie zaanga\u017cowanie w \tprzygotowaniu prac konkursowych.<\/span><\/span><\/span><\/li>\n<li><span style=\"color: #000000;\"><span style=\"font-family: Georgia, 'Times New Roman', 'Bitstream Charter', Times, serif;\"><span style=\"font-size: medium;\">Dzieci \tz Publicznej Szko\u0142y Podstawowej nr 2 z Oddzia\u0142ami integracyjnymi w \tNowej Soli za bogactwo artystyczne i zaanga\u017cowanie w wykonanie prac \tkonkursowych<\/span><\/span><\/span><\/li>\n<li><span style=\"color: #000000;\"><span style=\"font-family: Georgia, 'Times New Roman', 'Bitstream Charter', Times, serif;\"><span style=\"font-size: medium;\">Dzieci \tze Szko\u0142y Podstawowej im. Zaruskiego w Szczecinie za pi\u0119kne prace \ti dobre s\u0142owa kierowane do chorych r\u00f3wie\u015bnik\u00f3w.<\/span><\/span><\/span><\/li>\n<\/ul>\n<ol>\n<p style=\"text-align: justify;\"><a href=\"http:\/\/follereau.org\/wp-content\/uploads\/2013\/04\/Przekazanie-nagrody.jpg\"><\/a><a href=\"http:\/\/follereau.org\/wp-content\/uploads\/2013\/04\/Wr\u0119czenie-nagrody.jpg\"><img decoding=\"async\" loading=\"lazy\" class=\"aligncenter size-medium wp-image-2553\" title=\"Wr\u0119czenie nagrody\" src=\"http:\/\/follereau.org\/wp-content\/uploads\/2013\/04\/Wr\u0119czenie-nagrody-300x204.jpg\" alt=\"\" width=\"300\" height=\"204\" srcset=\"https:\/\/follereau.org\/wp-content\/uploads\/2013\/04\/Wr\u0119czenie-nagrody-300x204.jpg 300w, https:\/\/follereau.org\/wp-content\/uploads\/2013\/04\/Wr\u0119czenie-nagrody-1024x698.jpg 1024w, https:\/\/follereau.org\/wp-content\/uploads\/2013\/04\/Wr\u0119czenie-nagrody-210x143.jpg 210w\" sizes=\"(max-width: 300px) 100vw, 300px\" \/><\/a><br \/>\nNagrod\u0119 dla Izabeli P\u0142oszy\u0144skiej przekaza\u0142 osobi\u015bcie prezes Fundacji dr Kazimierz Sza\u0142ata. Pozosta\u0142e nagrody i dyplomy zosta\u0142y przes\u0142ane poczt\u0105.<\/p>\n<p>\n\t\t<style type=\"text\/css\">\n\t\t\t#gallery-1 {\n\t\t\t\tmargin: auto;\n\t\t\t}\n\t\t\t#gallery-1 .gallery-item {\n\t\t\t\tfloat: left;\n\t\t\t\tmargin-top: 10px;\n\t\t\t\ttext-align: center;\n\t\t\t\twidth: 50%;\n\t\t\t}\n\t\t\t#gallery-1 img {\n\t\t\t\tborder: 2px solid #cfcfcf;\n\t\t\t}\n\t\t\t#gallery-1 .gallery-caption {\n\t\t\t\tmargin-left: 0;\n\t\t\t}\n\t\t\t\/* see gallery_shortcode() in wp-includes\/media.php *\/\n\t\t<\/style>\n\t\t<div id='gallery-1' class='gallery galleryid-2509 gallery-columns-2 gallery-size-thumbnail'><dl class='gallery-item'>\n\t\t\t<dt class='gallery-icon landscape'>\n\t\t\t\t<a href='https:\/\/follereau.org\/wp-content\/uploads\/2013\/04\/Wr\u0119czenie-nagrody.jpg'><img width=\"150\" height=\"150\" src=\"https:\/\/follereau.org\/wp-content\/uploads\/2013\/04\/Wr\u0119czenie-nagrody-150x150.jpg\" class=\"attachment-thumbnail size-thumbnail\" alt=\"\" decoding=\"async\" loading=\"lazy\" srcset=\"https:\/\/follereau.org\/wp-content\/uploads\/2013\/04\/Wr\u0119czenie-nagrody-150x150.jpg 150w, https:\/\/follereau.org\/wp-content\/uploads\/2013\/04\/Wr\u0119czenie-nagrody-210x210.jpg 210w\" sizes=\"(max-width: 150px) 100vw, 150px\" \/><\/a>\n\t\t\t<\/dt><\/dl><dl class='gallery-item'>\n\t\t\t<dt class='gallery-icon landscape'>\n\t\t\t\t<a href='https:\/\/follereau.org\/wp-content\/uploads\/2013\/04\/IMG_5120.jpg'><img width=\"150\" height=\"150\" src=\"https:\/\/follereau.org\/wp-content\/uploads\/2013\/04\/IMG_5120-150x150.jpg\" class=\"attachment-thumbnail size-thumbnail\" alt=\"\" decoding=\"async\" loading=\"lazy\" srcset=\"https:\/\/follereau.org\/wp-content\/uploads\/2013\/04\/IMG_5120-150x150.jpg 150w, https:\/\/follereau.org\/wp-content\/uploads\/2013\/04\/IMG_5120-210x210.jpg 210w\" sizes=\"(max-width: 150px) 100vw, 150px\" \/><\/a>\n\t\t\t<\/dt><\/dl><br style=\"clear: both\" \/><dl class='gallery-item'>\n\t\t\t<dt class='gallery-icon landscape'>\n\t\t\t\t<a href='https:\/\/follereau.org\/wp-content\/uploads\/2013\/04\/IMG_5114.jpg'><img width=\"150\" height=\"150\" src=\"https:\/\/follereau.org\/wp-content\/uploads\/2013\/04\/IMG_5114-150x150.jpg\" class=\"attachment-thumbnail size-thumbnail\" alt=\"\" decoding=\"async\" loading=\"lazy\" srcset=\"https:\/\/follereau.org\/wp-content\/uploads\/2013\/04\/IMG_5114-150x150.jpg 150w, https:\/\/follereau.org\/wp-content\/uploads\/2013\/04\/IMG_5114-210x210.jpg 210w\" sizes=\"(max-width: 150px) 100vw, 150px\" \/><\/a>\n\t\t\t<\/dt><\/dl><dl class='gallery-item'>\n\t\t\t<dt class='gallery-icon landscape'>\n\t\t\t\t<a href='https:\/\/follereau.org\/wp-content\/uploads\/2013\/04\/IMG_5110.jpg'><img width=\"150\" height=\"150\" src=\"https:\/\/follereau.org\/wp-content\/uploads\/2013\/04\/IMG_5110-150x150.jpg\" class=\"attachment-thumbnail size-thumbnail\" alt=\"\" decoding=\"async\" loading=\"lazy\" srcset=\"https:\/\/follereau.org\/wp-content\/uploads\/2013\/04\/IMG_5110-150x150.jpg 150w, https:\/\/follereau.org\/wp-content\/uploads\/2013\/04\/IMG_5110-210x210.jpg 210w\" sizes=\"(max-width: 150px) 100vw, 150px\" \/><\/a>\n\t\t\t<\/dt><\/dl><br style=\"clear: both\" \/><dl class='gallery-item'>\n\t\t\t<dt class='gallery-icon landscape'>\n\t\t\t\t<a href='https:\/\/follereau.org\/wp-content\/uploads\/2013\/04\/IMG_5118.jpg'><img width=\"150\" height=\"150\" src=\"https:\/\/follereau.org\/wp-content\/uploads\/2013\/04\/IMG_5118-150x150.jpg\" class=\"attachment-thumbnail size-thumbnail\" alt=\"\" decoding=\"async\" loading=\"lazy\" srcset=\"https:\/\/follereau.org\/wp-content\/uploads\/2013\/04\/IMG_5118-150x150.jpg 150w, https:\/\/follereau.org\/wp-content\/uploads\/2013\/04\/IMG_5118-210x210.jpg 210w\" sizes=\"(max-width: 150px) 100vw, 150px\" \/><\/a>\n\t\t\t<\/dt><\/dl>\n\t\t\t<br style='clear: both' \/>\n\t\t<\/div>\n<\/ol>\n<p>&nbsp;<\/p>\n","protected":false},"excerpt":{"rendered":"<p>Rozstrzygni\u0119ty zosta\u0142 doroczny konkurs Dzieci pisz\u0105 listy do chorych organizowany przez Fundacj\u0119 Polsk\u0105 Raoula Follereau i Misyjne Apostolstwo Niepe\u0142nosprawnych Dzieci pod medialnym patronatem Tygodnika Niedziela. W tym roku przyznano dwie &hellip; <a class=\"readmore\" href=\"https:\/\/follereau.org\/?p=2509\">Czytaj dalej&#8230;<\/a><\/p>\n","protected":false},"author":2,"featured_media":0,"comment_status":"closed","ping_status":"closed","sticky":false,"template":"","format":"standard","meta":[],"categories":[3,6,4],"tags":[151,150,18,25,85,38,35,17,16],"_links":{"self":[{"href":"https:\/\/follereau.org\/index.php?rest_route=\/wp\/v2\/posts\/2509"}],"collection":[{"href":"https:\/\/follereau.org\/index.php?rest_route=\/wp\/v2\/posts"}],"about":[{"href":"https:\/\/follereau.org\/index.php?rest_route=\/wp\/v2\/types\/post"}],"author":[{"embeddable":true,"href":"https:\/\/follereau.org\/index.php?rest_route=\/wp\/v2\/users\/2"}],"replies":[{"embeddable":true,"href":"https:\/\/follereau.org\/index.php?rest_route=%2Fwp%2Fv2%2Fcomments&post=2509"}],"version-history":[{"count":18,"href":"https:\/\/follereau.org\/index.php?rest_route=\/wp\/v2\/posts\/2509\/revisions"}],"predecessor-version":[{"id":2555,"href":"https:\/\/follereau.org\/index.php?rest_route=\/wp\/v2\/posts\/2509\/revisions\/2555"}],"wp:attachment":[{"href":"https:\/\/follereau.org\/index.php?rest_route=%2Fwp%2Fv2%2Fmedia&parent=2509"}],"wp:term":[{"taxonomy":"category","embeddable":true,"href":"https:\/\/follereau.org\/index.php?rest_route=%2Fwp%2Fv2%2Fcategories&post=2509"},{"taxonomy":"post_tag","embeddable":true,"href":"https:\/\/follereau.org\/index.php?rest_route=%2Fwp%2Fv2%2Ftags&post=2509"}],"curies":[{"name":"wp","href":"https:\/\/api.w.org\/{rel}","templated":true}]}}