{"id":1550,"date":"2012-02-25T20:08:00","date_gmt":"2012-02-25T19:08:00","guid":{"rendered":"http:\/\/follereau.org\/f\/?p=1550"},"modified":"2012-05-02T22:55:58","modified_gmt":"2012-05-02T21:55:58","slug":"pogrzeb-s-p-kamila-kulczyckiego","status":"publish","type":"post","link":"https:\/\/follereau.org\/?p=1550","title":{"rendered":"Pogrzeb \u015b. p. Kamila Kulczyckiego"},"content":{"rendered":"<p style=\"text-align: justify;\">W \u015brod\u0119 popielcow\u0105 22 lutego br w parafii Matki Boskiej Cz\u0119stochowskiej w Zielonce kolo Warszawy odby\u0142 sie pogrzeb naszego przyjaciela \u015bwi\u0119tej pami\u0119ci Kamila Kulczyckiego, kt\u00f3ry zgin\u0105\u0142 7 lutego br. \u00a0na po\u0142udniu Hiszpanii. W uroczysto\u015bciach wzi\u0119\u0142y udzia\u0142 liczne rzesze\u00a0harcerzy\u00a0ze Zwi\u0105zku Harcerstwa Rzeczpospolitej i ZHP, przyjaciele Fundacji Polskiej Raoula Follereau, stowarzyszenia Wsp\u00f3lnota Polska, \u00a0studenci UKSW, kombatanci, go\u015bcie z Francji i Ukrainy oraz licznie zebrani mieszka\u0144cy Zielonki . Msz\u0119 \u015bw. kt\u00f3rej przewodniczy\u0142 proboszcz parafii ks. Mieczys\u0142aw Stefaniuk koncelebrowa\u0142o kilkunastu ksi\u0119\u017cy. S\u0142owo Bo\u017ce skierowa\u0142 duszpasterz ZHR o. Jerzy \u015awierkowski SJ. W\u015br\u00f3d przyby\u0142ych na uroczysto\u015b\u0107 uczestnik\u00f3w obecna by\u0142a delegacja powodzian z Wilkowa, w\u015br\u00f3d kt\u00f3rych pracowa\u0142 ze swymi harcerzami druh Kamil. Podczas pogrzebu zbierane by\u0142y pieni\u0105dze na budow\u0119 studni im. Kamila Kulczyckiego w\u00a0po\u0142o\u017conej\u00a0blisko 200 km na po\u0142udnie od stolicy Burkina Faso Ouagadogou wiosce Bidiga. Aktualnie w wiosce mieszka ko\u0142o tysi\u0105ca os\u00f3b, w tym po\u0142ow\u0119 stanowi\u0105 dzieci poni\u017cej 15 roku\u00a0\u017cycia. Najbli\u017csze uj\u0119cie wody pitnej znajduje si\u0119 w\u00a0odleg\u0142o\u015bci 8 kilometr\u00f3w. Studnia g\u0142\u0119binowa b\u0119dzie zbudowana na terenie przysz\u0142ej szko\u0142y. Poziom analfabetyzmu przekracza 40% mieszka\u0144c\u00f3w. Pierwsze pieni\u0105dze na ten szlachetny cel przekazali rodzice Kamila. Dotychczas zebrano ponad cztery i p\u00f3\u0142 tysi\u0105ca z\u0142otych. \u00a0Ca\u0142o\u015b\u0107 projektu kosztowa\u0107 b\u0119dzie 10 tys euro.<strong> <\/strong><\/p>\n<p style=\"text-align: justify;\"><strong>Zach\u0119camy do wsparcia budowy studni Kamila, kt\u00f3ra b\u0119dzie \u017ar\u00f3d\u0142em \u017cyciodajnej wody dla ca\u0142ej spo\u0142eczno\u015bci lokalnej. Wp\u0142aty mo\u017cna\u00a0przesy\u0142a\u0107\u00a0na konto Fundacji nr: <\/strong><strong>87 1240 1082 1111 0000 0387 2932 z tytu\u0142em wp\u0142aty: &#8220;Studnia Kamila&#8221;.<\/strong><\/p>\n<p style=\"text-align: center;\">Rada Miasta Zielonka na swym posiedzeniu w dniu 27 lutego br przyj\u0119\u0142a uroczyst\u0105 uchwa\u0142\u0119 o uczczeniu pami\u0119ci dha Kamila Kulczyckiego, w kt\u00f3rej czytamy mi\u0119dzy innymi:<\/p>\n<p style=\"text-align: justify;\"><em>Druh Kamil Kulczycki by\u0142 jednym z najaktywniejszych mieszka\u0144c\u00f3w naszego miasta. Komendant 58 szczepu ZHR Rosa Venti w Zielonce, organizator czterech mi\u0119dzynarodowych Zlot\u00f3w Niepodleg\u0142o\u015bci z udzia\u0142em harcerzy z Polski, Ukrainy, Litwy, \u0141otwy i Estonii. Pasj\u0105 jego \u017cycia by\u0142o patriotyczne wychowanie dzieci i m\u0142odzie\u017cy w duchu harcerskich idea\u0142\u00f3w. Wykorzystuj\u0105c sw\u00f3j tw\u00f3rczy talent utrwali\u0142 dla przysz\u0142ych pokole\u0144 w postaci filmu \u201e11 listopada\u201d jedno z wa\u017cniejszych wydarze\u0144 w historii naszego miasta. Bohaterami ostatniego filmu \u201eDachau\u201d byli tak\u017ce mieszka\u0144cy Zielonki. Kamil Kulczycki by\u0142 inicjatorem akcji \u201e\u015bwi\u0105teczna paczka\u201d dla Polak\u00f3w na Wschodzie. By\u0142 cz\u0142onkiem Zarz\u0105du Oddzia\u0142u Warszawskiego Stowarzyszenia \u201eWsp\u00f3lnota Polska\u201d. Jako wolontariusz Fundacji Polskiej Raoula Follereau wsp\u00f3\u0142organizowa\u0142 Festiwale Misyjne i doroczne spotkania niepe\u0142nosprawnych dzieci \u201eWszystkie Anio\u0142y Ma\u0142ej Ani\u201d. Przez ca\u0142e wakacje 2010 roku  wraz ze swymi harcerzami bezinteresownie pracowa\u0142 w\u015br\u00f3d powodzian gminy i parafii Wilk\u00f3w. <\/em><em>Za swoj\u0105 dzia\u0142alno\u015b\u0107 otrzyma\u0142 po\u015bmiertnie tytu\u0142 Harcerza Rzeczpospolitej i stopie\u0144 podharcmistrza. Wsp\u00f3lnota Polska przyzna\u0142a mu Z\u0142oty Medal Zas\u0142ugi.<\/em><\/p>\n<p style=\"text-align: justify;\"><em>\u015amier\u0107 Kamila Kulczyckiego jest wielk\u0105 strat\u0105 dla naszej spo\u0142eczno\u015bci. Rada Miasta sk\u0142ada ho\u0142d cz\u0142owiekowi o wielkim sercu, cz\u0142owiekowi, kt\u00f3ry na co dzie\u0144 uczy\u0142 nas czym jest s\u0142u\u017cba Bogu, Ojczy\u017anie i Bli\u017aniemu. Maj\u0105c na uwadze niepor\u00f3wnywalne zas\u0142ugi dla miasta oraz wz\u00f3r jaki posta\u0107 druha Kamila stanowi dla przysz\u0142ych pokole\u0144 Rada miasta rozwa\u017cy w najbli\u017cszym czasie trwa\u0142e uczczenie tej niezwyk\u0142ej postaci.<\/em><\/p>\n<p style=\"text-align: justify;\"><strong>Prezydent Rzeczpospolitej Polskiej odznaczy\u0142 po\u015bmiertnie Kamila Kulczyckiego Z\u0142otym Krzy\u017cem Zas\u0142ugi. <\/strong><\/p>\n<p style=\"text-align: justify;\"><strong> <\/strong><\/p>\n<p><span style=\"font-size: small;\"><a href=\"http:\/\/follereau.org\/wp-content\/uploads\/2012\/02\/1.jpg\"><img decoding=\"async\" loading=\"lazy\" class=\"aligncenter size-medium wp-image-1552\" title=\"1\" src=\"http:\/\/follereau.org\/wp-content\/uploads\/2012\/02\/1-199x300.jpg\" alt=\"\" width=\"199\" height=\"300\" srcset=\"https:\/\/follereau.org\/wp-content\/uploads\/2012\/02\/1-199x300.jpg 199w, https:\/\/follereau.org\/wp-content\/uploads\/2012\/02\/1-680x1024.jpg 680w, https:\/\/follereau.org\/wp-content\/uploads\/2012\/02\/1-139x210.jpg 139w\" sizes=\"(max-width: 199px) 100vw, 199px\" \/><\/a><br \/>\n<\/span><\/p>\n<p><a href=\"http:\/\/follereau.org\/wp-content\/uploads\/2012\/02\/2.jpg\"><img decoding=\"async\" loading=\"lazy\" class=\"aligncenter size-medium wp-image-1553\" title=\"2\" src=\"http:\/\/follereau.org\/wp-content\/uploads\/2012\/02\/2-300x199.jpg\" alt=\"\" width=\"300\" height=\"199\" srcset=\"https:\/\/follereau.org\/wp-content\/uploads\/2012\/02\/2-300x199.jpg 300w, https:\/\/follereau.org\/wp-content\/uploads\/2012\/02\/2-1024x680.jpg 1024w, https:\/\/follereau.org\/wp-content\/uploads\/2012\/02\/2-210x139.jpg 210w\" sizes=\"(max-width: 300px) 100vw, 300px\" \/><\/a><\/p>\n<p><a href=\"http:\/\/follereau.org\/wp-content\/uploads\/2012\/02\/2.jpg\"><\/a><a href=\"http:\/\/follereau.org\/wp-content\/uploads\/2012\/02\/9.jpg\"><img decoding=\"async\" loading=\"lazy\" class=\"aligncenter size-medium wp-image-1554\" title=\"9\" src=\"http:\/\/follereau.org\/wp-content\/uploads\/2012\/02\/9-300x200.jpg\" alt=\"\" width=\"300\" height=\"200\" srcset=\"https:\/\/follereau.org\/wp-content\/uploads\/2012\/02\/9-300x200.jpg 300w, https:\/\/follereau.org\/wp-content\/uploads\/2012\/02\/9-1024x682.jpg 1024w, https:\/\/follereau.org\/wp-content\/uploads\/2012\/02\/9-210x140.jpg 210w\" sizes=\"(max-width: 300px) 100vw, 300px\" \/><\/a><\/p>\n<p><a href=\"http:\/\/follereau.org\/wp-content\/uploads\/2012\/02\/101.jpg\"><img decoding=\"async\" loading=\"lazy\" class=\"aligncenter size-medium wp-image-1555\" title=\"10\" src=\"http:\/\/follereau.org\/wp-content\/uploads\/2012\/02\/101-300x200.jpg\" alt=\"\" width=\"300\" height=\"200\" srcset=\"https:\/\/follereau.org\/wp-content\/uploads\/2012\/02\/101-300x200.jpg 300w, https:\/\/follereau.org\/wp-content\/uploads\/2012\/02\/101-1024x682.jpg 1024w, https:\/\/follereau.org\/wp-content\/uploads\/2012\/02\/101-210x140.jpg 210w\" sizes=\"(max-width: 300px) 100vw, 300px\" \/><\/a><\/p>\n<p><a href=\"http:\/\/follereau.org\/wp-content\/uploads\/2012\/02\/19.jpg\"><img decoding=\"async\" loading=\"lazy\" class=\"aligncenter size-medium wp-image-1556\" title=\"19\" src=\"http:\/\/follereau.org\/wp-content\/uploads\/2012\/02\/19-199x300.jpg\" alt=\"\" width=\"199\" height=\"300\" srcset=\"https:\/\/follereau.org\/wp-content\/uploads\/2012\/02\/19-199x300.jpg 199w, https:\/\/follereau.org\/wp-content\/uploads\/2012\/02\/19-680x1024.jpg 680w, https:\/\/follereau.org\/wp-content\/uploads\/2012\/02\/19-139x210.jpg 139w\" sizes=\"(max-width: 199px) 100vw, 199px\" \/><\/a><\/p>\n<p><a href=\"http:\/\/follereau.org\/wp-content\/uploads\/2012\/02\/100_1783.jpg\"><img decoding=\"async\" loading=\"lazy\" class=\"aligncenter size-medium wp-image-1575\" title=\"100_1783\" src=\"http:\/\/follereau.org\/wp-content\/uploads\/2012\/02\/100_1783-300x225.jpg\" alt=\"\" width=\"300\" height=\"225\" srcset=\"https:\/\/follereau.org\/wp-content\/uploads\/2012\/02\/100_1783-300x225.jpg 300w, https:\/\/follereau.org\/wp-content\/uploads\/2012\/02\/100_1783-1024x768.jpg 1024w, https:\/\/follereau.org\/wp-content\/uploads\/2012\/02\/100_1783-210x157.jpg 210w\" sizes=\"(max-width: 300px) 100vw, 300px\" \/><\/a><\/p>\n<p><a href=\"http:\/\/follereau.org\/wp-content\/uploads\/2012\/02\/100_1795.jpg\"><img decoding=\"async\" loading=\"lazy\" class=\"aligncenter size-medium wp-image-1574\" title=\"100_1795\" src=\"http:\/\/follereau.org\/wp-content\/uploads\/2012\/02\/100_1795-300x225.jpg\" alt=\"\" width=\"300\" height=\"225\" srcset=\"https:\/\/follereau.org\/wp-content\/uploads\/2012\/02\/100_1795-300x225.jpg 300w, https:\/\/follereau.org\/wp-content\/uploads\/2012\/02\/100_1795-1024x768.jpg 1024w, https:\/\/follereau.org\/wp-content\/uploads\/2012\/02\/100_1795-210x157.jpg 210w\" sizes=\"(max-width: 300px) 100vw, 300px\" \/><\/a><\/p>\n<p><a href=\"http:\/\/follereau.org\/wp-content\/uploads\/2012\/02\/100_1799.jpg\"><img decoding=\"async\" loading=\"lazy\" class=\"aligncenter size-medium wp-image-1576\" title=\"100_1799\" src=\"http:\/\/follereau.org\/wp-content\/uploads\/2012\/02\/100_1799-300x225.jpg\" alt=\"\" width=\"300\" height=\"225\" srcset=\"https:\/\/follereau.org\/wp-content\/uploads\/2012\/02\/100_1799-300x225.jpg 300w, https:\/\/follereau.org\/wp-content\/uploads\/2012\/02\/100_1799-1024x768.jpg 1024w, https:\/\/follereau.org\/wp-content\/uploads\/2012\/02\/100_1799-210x157.jpg 210w\" sizes=\"(max-width: 300px) 100vw, 300px\" \/><\/a><\/p>\n","protected":false},"excerpt":{"rendered":"<p>W \u015brod\u0119 popielcow\u0105 22 lutego br w parafii Matki Boskiej Cz\u0119stochowskiej w Zielonce kolo Warszawy odby\u0142 sie pogrzeb naszego przyjaciela \u015bwi\u0119tej pami\u0119ci Kamila Kulczyckiego, kt\u00f3ry zgin\u0105\u0142 7 lutego br. \u00a0na &hellip; <a class=\"readmore\" href=\"https:\/\/follereau.org\/?p=1550\">Czytaj dalej&#8230;<\/a><\/p>\n","protected":false},"author":2,"featured_media":0,"comment_status":"closed","ping_status":"closed","sticky":false,"template":"","format":"standard","meta":[],"categories":[3,6,4,8],"tags":[109,104,106,108,107,34],"_links":{"self":[{"href":"https:\/\/follereau.org\/index.php?rest_route=\/wp\/v2\/posts\/1550"}],"collection":[{"href":"https:\/\/follereau.org\/index.php?rest_route=\/wp\/v2\/posts"}],"about":[{"href":"https:\/\/follereau.org\/index.php?rest_route=\/wp\/v2\/types\/post"}],"author":[{"embeddable":true,"href":"https:\/\/follereau.org\/index.php?rest_route=\/wp\/v2\/users\/2"}],"replies":[{"embeddable":true,"href":"https:\/\/follereau.org\/index.php?rest_route=%2Fwp%2Fv2%2Fcomments&post=1550"}],"version-history":[{"count":6,"href":"https:\/\/follereau.org\/index.php?rest_route=\/wp\/v2\/posts\/1550\/revisions"}],"predecessor-version":[{"id":1560,"href":"https:\/\/follereau.org\/index.php?rest_route=\/wp\/v2\/posts\/1550\/revisions\/1560"}],"wp:attachment":[{"href":"https:\/\/follereau.org\/index.php?rest_route=%2Fwp%2Fv2%2Fmedia&parent=1550"}],"wp:term":[{"taxonomy":"category","embeddable":true,"href":"https:\/\/follereau.org\/index.php?rest_route=%2Fwp%2Fv2%2Fcategories&post=1550"},{"taxonomy":"post_tag","embeddable":true,"href":"https:\/\/follereau.org\/index.php?rest_route=%2Fwp%2Fv2%2Ftags&post=1550"}],"curies":[{"name":"wp","href":"https:\/\/api.w.org\/{rel}","templated":true}]}}